{"id":13160,"date":"2020-11-24T07:47:03","date_gmt":"2020-11-24T10:47:03","guid":{"rendered":"http:\/\/4cantosalagoas.com.br\/portal\/?p=13160"},"modified":"2020-11-24T07:47:08","modified_gmt":"2020-11-24T10:47:08","slug":"fmac-e-religiosos-definem-medidas-para-celebracao-de-iemanja","status":"publish","type":"post","link":"https:\/\/4cantosalagoas.com.br\/portal\/fmac-e-religiosos-definem-medidas-para-celebracao-de-iemanja\/","title":{"rendered":"FMAC e religiosos definem medidas para celebra\u00e7\u00e3o de Iemanj\u00e1"},"content":{"rendered":"\n<figure class=\"wp-block-image\"><img fetchpriority=\"high\" decoding=\"async\" width=\"1536\" height=\"1152\" src=\"https:\/\/i2.wp.com\/4cantosalagoas.com.br\/portal\/wp-content\/uploads\/2020\/11\/b1.jpeg?fit=1024%2C768\" alt=\"\" class=\"wp-image-13161\" srcset=\"https:\/\/4cantosalagoas.com.br\/portal\/wp-content\/uploads\/2020\/11\/b1.jpeg 1536w, https:\/\/4cantosalagoas.com.br\/portal\/wp-content\/uploads\/2020\/11\/b1-300x225.jpeg 300w, https:\/\/4cantosalagoas.com.br\/portal\/wp-content\/uploads\/2020\/11\/b1-768x576.jpeg 768w, https:\/\/4cantosalagoas.com.br\/portal\/wp-content\/uploads\/2020\/11\/b1-1024x768.jpeg 1024w\" sizes=\"(max-width: 1536px) 100vw, 1536px\" \/><figcaption> <br>Lideran\u00e7as da cultura afro se reuniram com equipe da Funda\u00e7\u00e3o Municipal de A\u00e7\u00e3o Cultural. Foto: Ascom FMAC <\/figcaption><\/figure>\n\n\n\n<p> Lideran\u00e7as da cultura afro, em reuni\u00e3o com a equipe da Funda\u00e7\u00e3o, nos dias 05 e 12 de novembro, discutiram os detalhes da programa\u00e7\u00e3o e, tamb\u00e9m, as medidas de seguran\u00e7a a serem adotadas durante a realiza\u00e7\u00e3o do evento, que traz ao holofote a luta da religiosidade de matriz africana, al\u00e9m de chamar aten\u00e7\u00e3o para o preconceito contra as manifesta\u00e7\u00f5es afro, celebrar a diversidade religiosa e reverenciar a ancestralidade africana. <\/p>\n\n\n\n<p>Todo ano, moradores, turistas, militantes do movimento negro e simpatizantes das religi\u00f5es de matriz africana deslocam-se \u00e0 praia para conferir e apreciar toda a beleza da cultura afro-brasileira. Entretanto, devido \u00e0 pandemia mundial de Covid-19, a celebra\u00e7\u00e3o ser\u00e1 diferente, seguindo as recomenda\u00e7\u00f5es de seguran\u00e7a da Organiza\u00e7\u00e3o Mundial da Sa\u00fade (OMS).<br><br>Al\u00e9m de utilizar a m\u00e1scara e higienizar as m\u00e3os com \u00e1lcool em gel, a orienta\u00e7\u00e3o \u00e9 n\u00e3o permanecer na orla mais tempo que o necess\u00e1rio: depois de prestar suas homenagens \u00e0 Grande M\u00e3e das \u00c1guas Salgadas, evite aglomera\u00e7\u00f5es e d\u00ea a vez \u00e0s outras pessoas. Idosos e demais grupos de risco devem evitar participar da celebra\u00e7\u00e3o e, tamb\u00e9m, as pessoas que n\u00e3o t\u00eam estas caracter\u00edsticas, mas que dividem domic\u00edlio com quem as tem.<\/p>\n\n\n\n<p>Mateus Magalh\u00e3es \/ Ascom FMAC<\/p>\n","protected":false},"excerpt":{"rendered":"<p>Lideran\u00e7as da cultura afro, em reuni\u00e3o com a equipe da Funda\u00e7\u00e3o, nos dias 05 e 12 de<\/p>\n","protected":false},"author":1,"featured_media":13161,"comment_status":"open","ping_status":"open","sticky":false,"template":"","format":"standard","meta":{"footnotes":""},"categories":[5],"tags":[],"class_list":["post-13160","post","type-post","status-publish","format-standard","has-post-thumbnail","hentry","category-maceio"],"_links":{"self":[{"href":"https:\/\/4cantosalagoas.com.br\/portal\/wp-json\/wp\/v2\/posts\/13160","targetHints":{"allow":["GET"]}}],"collection":[{"href":"https:\/\/4cantosalagoas.com.br\/portal\/wp-json\/wp\/v2\/posts"}],"about":[{"href":"https:\/\/4cantosalagoas.com.br\/portal\/wp-json\/wp\/v2\/types\/post"}],"author":[{"embeddable":true,"href":"https:\/\/4cantosalagoas.com.br\/portal\/wp-json\/wp\/v2\/users\/1"}],"replies":[{"embeddable":true,"href":"https:\/\/4cantosalagoas.com.br\/portal\/wp-json\/wp\/v2\/comments?post=13160"}],"version-history":[{"count":1,"href":"https:\/\/4cantosalagoas.com.br\/portal\/wp-json\/wp\/v2\/posts\/13160\/revisions"}],"predecessor-version":[{"id":13162,"href":"https:\/\/4cantosalagoas.com.br\/portal\/wp-json\/wp\/v2\/posts\/13160\/revisions\/13162"}],"wp:featuredmedia":[{"embeddable":true,"href":"https:\/\/4cantosalagoas.com.br\/portal\/wp-json\/wp\/v2\/media\/13161"}],"wp:attachment":[{"href":"https:\/\/4cantosalagoas.com.br\/portal\/wp-json\/wp\/v2\/media?parent=13160"}],"wp:term":[{"taxonomy":"category","embeddable":true,"href":"https:\/\/4cantosalagoas.com.br\/portal\/wp-json\/wp\/v2\/categories?post=13160"},{"taxonomy":"post_tag","embeddable":true,"href":"https:\/\/4cantosalagoas.com.br\/portal\/wp-json\/wp\/v2\/tags?post=13160"}],"curies":[{"name":"wp","href":"https:\/\/api.w.org\/{rel}","templated":true}]}}