{"id":13055,"date":"2020-11-10T07:33:35","date_gmt":"2020-11-10T10:33:35","guid":{"rendered":"http:\/\/4cantosalagoas.com.br\/portal\/?p=13055"},"modified":"2020-11-10T07:33:40","modified_gmt":"2020-11-10T10:33:40","slug":"operacao-apreende-arma-e-prende-homem-pela-lei-maria-da-penha","status":"publish","type":"post","link":"https:\/\/4cantosalagoas.com.br\/portal\/operacao-apreende-arma-e-prende-homem-pela-lei-maria-da-penha\/","title":{"rendered":"Opera\u00e7\u00e3o apreende arma e prende homem pela Lei Maria da Penha"},"content":{"rendered":"\n<figure class=\"wp-block-image\"><img fetchpriority=\"high\" decoding=\"async\" width=\"750\" height=\"500\" src=\"http:\/\/4cantosalagoas.com.br\/portal\/wp-content\/uploads\/2020\/11\/14.jpg\" alt=\"\" class=\"wp-image-13056\" srcset=\"https:\/\/4cantosalagoas.com.br\/portal\/wp-content\/uploads\/2020\/11\/14.jpg 750w, https:\/\/4cantosalagoas.com.br\/portal\/wp-content\/uploads\/2020\/11\/14-300x200.jpg 300w\" sizes=\"(max-width: 750px) 100vw, 750px\" \/><figcaption>Assessoria<\/figcaption><\/figure>\n\n\n\n<p>Em uma opera\u00e7\u00e3o, determinada pelo delegado-geral Paulo Cerqueira, e realizada pela Ger\u00eancia de Pol\u00edcia Judici\u00e1ria da Regi\u00e3o 3 (GPJ-3), na cidade de S\u00e3o Sebasti\u00e3o, dois homens foram presos pela Pol\u00edcia Civil, um acusado na Lei Maria da Penha e outro por porte ilegal de arma de fogo.<\/p>\n\n\n\n<p>A a\u00e7\u00e3o, comandada pelo delegado Guilherme Iusten, Regional de Arapiraca, teve o apoio de agentes da Divis\u00e3o Especial de Investiga\u00e7\u00f5es e Capturas (Deic), T\u00e1tico Integrado de Grupo&nbsp;de Resgates Especiais (Tigre), Se\u00e7\u00e3o de Capturas da Deic e Asfixia.<\/p>\n\n\n\n<p>No caso do porte ilegal, os policiais civis encontraram a arma dentro de uma mochila no banco traseiro de um ve\u00edculo Jeep Renegade, juntamente com a quantia de R$ 6 mil.<\/p>\n\n\n\n<p>Os agentes apuraram que o ve\u00edculo tinha participado de uma carreata eleitoral na cidade.<\/p>\n\n\n\n<p>O condutor da arma recebeu voz de pris\u00e3o e foi levado para a delegacia para as provid\u00eancias legais cab\u00edveis.<\/p>\n\n\n\n<p>Assessoria<\/p>\n","protected":false},"excerpt":{"rendered":"<p>Em uma opera\u00e7\u00e3o, determinada pelo delegado-geral Paulo Cerqueira, e realizada pela Ger\u00eancia de Pol\u00edcia Judici\u00e1ria da Regi\u00e3o<\/p>\n","protected":false},"author":1,"featured_media":13056,"comment_status":"open","ping_status":"open","sticky":false,"template":"","format":"standard","meta":{"footnotes":""},"categories":[11],"tags":[],"class_list":["post-13055","post","type-post","status-publish","format-standard","has-post-thumbnail","hentry","category-policia"],"_links":{"self":[{"href":"https:\/\/4cantosalagoas.com.br\/portal\/wp-json\/wp\/v2\/posts\/13055","targetHints":{"allow":["GET"]}}],"collection":[{"href":"https:\/\/4cantosalagoas.com.br\/portal\/wp-json\/wp\/v2\/posts"}],"about":[{"href":"https:\/\/4cantosalagoas.com.br\/portal\/wp-json\/wp\/v2\/types\/post"}],"author":[{"embeddable":true,"href":"https:\/\/4cantosalagoas.com.br\/portal\/wp-json\/wp\/v2\/users\/1"}],"replies":[{"embeddable":true,"href":"https:\/\/4cantosalagoas.com.br\/portal\/wp-json\/wp\/v2\/comments?post=13055"}],"version-history":[{"count":1,"href":"https:\/\/4cantosalagoas.com.br\/portal\/wp-json\/wp\/v2\/posts\/13055\/revisions"}],"predecessor-version":[{"id":13057,"href":"https:\/\/4cantosalagoas.com.br\/portal\/wp-json\/wp\/v2\/posts\/13055\/revisions\/13057"}],"wp:featuredmedia":[{"embeddable":true,"href":"https:\/\/4cantosalagoas.com.br\/portal\/wp-json\/wp\/v2\/media\/13056"}],"wp:attachment":[{"href":"https:\/\/4cantosalagoas.com.br\/portal\/wp-json\/wp\/v2\/media?parent=13055"}],"wp:term":[{"taxonomy":"category","embeddable":true,"href":"https:\/\/4cantosalagoas.com.br\/portal\/wp-json\/wp\/v2\/categories?post=13055"},{"taxonomy":"post_tag","embeddable":true,"href":"https:\/\/4cantosalagoas.com.br\/portal\/wp-json\/wp\/v2\/tags?post=13055"}],"curies":[{"name":"wp","href":"https:\/\/api.w.org\/{rel}","templated":true}]}}