{"id":12976,"date":"2020-10-30T19:18:08","date_gmt":"2020-10-30T22:18:08","guid":{"rendered":"http:\/\/4cantosalagoas.com.br\/portal\/?p=12976"},"modified":"2020-10-30T19:18:18","modified_gmt":"2020-10-30T22:18:18","slug":"veja-o-que-abre-e-fecha-no-comercio-no-dia-de-finados","status":"publish","type":"post","link":"https:\/\/4cantosalagoas.com.br\/portal\/veja-o-que-abre-e-fecha-no-comercio-no-dia-de-finados\/","title":{"rendered":"Veja o que abre e fecha no Com\u00e9rcio no Dia de Finados"},"content":{"rendered":"\n<figure class=\"wp-block-image\"><img fetchpriority=\"high\" decoding=\"async\" width=\"600\" height=\"450\" src=\"http:\/\/4cantosalagoas.com.br\/portal\/wp-content\/uploads\/2018\/05\/serr4.jpg\" alt=\"\" class=\"wp-image-3363\" srcset=\"https:\/\/4cantosalagoas.com.br\/portal\/wp-content\/uploads\/2018\/05\/serr4.jpg 600w, https:\/\/4cantosalagoas.com.br\/portal\/wp-content\/uploads\/2018\/05\/serr4-300x225.jpg 300w, https:\/\/4cantosalagoas.com.br\/portal\/wp-content\/uploads\/2018\/05\/serr4-375x281.jpg 375w, https:\/\/4cantosalagoas.com.br\/portal\/wp-content\/uploads\/2018\/05\/serr4-465x349.jpg 465w\" sizes=\"(max-width: 600px) 100vw, 600px\" \/><figcaption>Fecom\u00e9rcio AL (@FecomercioAL) | Twitter<\/figcaption><\/figure>\n\n\n\n<p>Na pr\u00f3xima segunda-feira (2\/11), Dia de Finados, os grandes shoppings da capital abrir\u00e3o em hor\u00e1rio normal, segundo informa a Federa\u00e7\u00e3o do Com\u00e9rcio de Bens, Servi\u00e7os e Turismo do Estado de Alagoas (Fecom\u00e9rcio AL). A entidade comunica tamb\u00e9m que, de acordo com a Alian\u00e7a Comercial, o Centro de Macei\u00f3 funcionar\u00e1 em hor\u00e1rio especial, das 8h \u00e0s 14h.<\/p>\n\n\n\n<p>O Shopping P\u00e1tio Macei\u00f3, o Macei\u00f3 Shopping e o Parque Shopping Macei\u00f3 atender\u00e3o ao p\u00fablico das 10h \u00e0s 22h, mas vale lembrar que os servi\u00e7os p\u00fablicos e as ag\u00eancias banc\u00e1rias situadas nestes estabelecimentos n\u00e3o funcionar\u00e3o. J\u00e1 o Shopping Farol n\u00e3o abrir\u00e1.<\/p>\n\n\n\n<p><strong>Supermercados<\/strong><\/p>\n\n\n\n<p>A Fecom\u00e9rcio informa, ainda, que no Dia de Finados o Atacad\u00e3o abrir\u00e1 das 7h \u00e0s 22h, mesmo hor\u00e1rio que ser\u00e1 adotado pelo Extra Mangabeiras. O Palato manter\u00e1 o hor\u00e1rio habitual de atendimento (Farol, das 7h \u00e0 0h; Ponta Verde, 24h; Parque Gon\u00e7alves L\u00eado, 7h \u00e0s 22h).<\/p>\n\n\n\n<p><strong>Interior<\/strong><\/p>\n\n\n\n<p>Os Sindilojas dos munic\u00edpios de Palmeira e Penedo, entidades filiadas \u00e0 Fecom\u00e9rcio, informaram que os estabelecimentos estar\u00e3o fechados. Em Uni\u00e3o dos Palmares, o Sindilojas orienta as empresas que pretendem abrir na data a observarem a legisla\u00e7\u00e3o trabalhista. J\u00e1 o Sindilojas Arapiraca comunica que a abertura do com\u00e9rcio ser\u00e1 parcial, pois somente funcionar\u00e3o as empresas que firmarem acordo com seus colaboradores.<\/p>\n\n\n\n<p>A Fecom\u00e9rcio ressalta a import\u00e2ncia no combate \u00e0 propaga\u00e7\u00e3o do coronav\u00edrus. Por isso, a orienta\u00e7\u00e3o \u00e9 que as empresas e os consumidores continuem observando as medidas de distanciamento social para o bem da sa\u00fade coletiva, como o uso obrigat\u00f3rio de m\u00e1scara, medi\u00e7\u00e3o da temperatura, higieniza\u00e7\u00e3o com \u00e1lcool em gel 70% e respeito \u00e0 dist\u00e2ncia m\u00ednima entre as pessoas, dentre outras medidas.<\/p>\n\n\n\n<p>Assessoria<\/p>\n","protected":false},"excerpt":{"rendered":"<p>Na pr\u00f3xima segunda-feira (2\/11), Dia de Finados, os grandes shoppings da capital abrir\u00e3o em hor\u00e1rio normal, segundo<\/p>\n","protected":false},"author":1,"featured_media":3363,"comment_status":"open","ping_status":"open","sticky":false,"template":"","format":"standard","meta":{"footnotes":""},"categories":[60],"tags":[],"class_list":["post-12976","post","type-post","status-publish","format-standard","has-post-thumbnail","hentry","category-capa"],"_links":{"self":[{"href":"https:\/\/4cantosalagoas.com.br\/portal\/wp-json\/wp\/v2\/posts\/12976","targetHints":{"allow":["GET"]}}],"collection":[{"href":"https:\/\/4cantosalagoas.com.br\/portal\/wp-json\/wp\/v2\/posts"}],"about":[{"href":"https:\/\/4cantosalagoas.com.br\/portal\/wp-json\/wp\/v2\/types\/post"}],"author":[{"embeddable":true,"href":"https:\/\/4cantosalagoas.com.br\/portal\/wp-json\/wp\/v2\/users\/1"}],"replies":[{"embeddable":true,"href":"https:\/\/4cantosalagoas.com.br\/portal\/wp-json\/wp\/v2\/comments?post=12976"}],"version-history":[{"count":1,"href":"https:\/\/4cantosalagoas.com.br\/portal\/wp-json\/wp\/v2\/posts\/12976\/revisions"}],"predecessor-version":[{"id":12977,"href":"https:\/\/4cantosalagoas.com.br\/portal\/wp-json\/wp\/v2\/posts\/12976\/revisions\/12977"}],"wp:featuredmedia":[{"embeddable":true,"href":"https:\/\/4cantosalagoas.com.br\/portal\/wp-json\/wp\/v2\/media\/3363"}],"wp:attachment":[{"href":"https:\/\/4cantosalagoas.com.br\/portal\/wp-json\/wp\/v2\/media?parent=12976"}],"wp:term":[{"taxonomy":"category","embeddable":true,"href":"https:\/\/4cantosalagoas.com.br\/portal\/wp-json\/wp\/v2\/categories?post=12976"},{"taxonomy":"post_tag","embeddable":true,"href":"https:\/\/4cantosalagoas.com.br\/portal\/wp-json\/wp\/v2\/tags?post=12976"}],"curies":[{"name":"wp","href":"https:\/\/api.w.org\/{rel}","templated":true}]}}