{"id":12973,"date":"2020-10-30T19:15:16","date_gmt":"2020-10-30T22:15:16","guid":{"rendered":"http:\/\/4cantosalagoas.com.br\/portal\/?p=12973"},"modified":"2020-10-30T19:15:21","modified_gmt":"2020-10-30T22:15:21","slug":"tempo-seco-em-alagoas-confira-a-previsao-do-tempo-da-sala-de-alerta-para-o-feriadao","status":"publish","type":"post","link":"https:\/\/4cantosalagoas.com.br\/portal\/tempo-seco-em-alagoas-confira-a-previsao-do-tempo-da-sala-de-alerta-para-o-feriadao\/","title":{"rendered":"Tempo seco em Alagoas; Confira a previs\u00e3o do tempo da Sala de Alerta para o feriad\u00e3o"},"content":{"rendered":"\n<figure class=\"wp-block-image\"><img fetchpriority=\"high\" decoding=\"async\" width=\"1064\" height=\"797\" src=\"https:\/\/i2.wp.com\/4cantosalagoas.com.br\/portal\/wp-content\/uploads\/2020\/10\/a43.jpg?fit=1024%2C767\" alt=\"\" class=\"wp-image-12974\" srcset=\"https:\/\/4cantosalagoas.com.br\/portal\/wp-content\/uploads\/2020\/10\/a43.jpg 1064w, https:\/\/4cantosalagoas.com.br\/portal\/wp-content\/uploads\/2020\/10\/a43-300x225.jpg 300w, https:\/\/4cantosalagoas.com.br\/portal\/wp-content\/uploads\/2020\/10\/a43-768x575.jpg 768w, https:\/\/4cantosalagoas.com.br\/portal\/wp-content\/uploads\/2020\/10\/a43-1024x767.jpg 1024w\" sizes=\"(max-width: 1064px) 100vw, 1064px\" \/><figcaption>Assessoria<\/figcaption><\/figure>\n\n\n\n<p>E o feriad\u00e3o do Dia de Finados deve ser de tempo seco em todo o estado. \u00c9 o que aponta a previs\u00e3o do tempo da Sala de Alerta da Secretaria de Estado do Meio Ambiente e Recursos H\u00eddricos (Semarh) divulgada na manh\u00e3 desta sexta-feira (30).<\/p>\n\n\n\n<p>A \u00faltima sexta-feira de outubro em Macei\u00f3, no Litoral e Zona da Mata deve ser de tempo seco e poucas nuvens, com temperaturas que variam entre 24\u00b0C e 31\u00b0C. No Sert\u00e3o e Sert\u00e3o do S\u00e3o Francisco, o sol predomina com temperatura m\u00ednima de 22\u00b0C e m\u00e1xima de 37\u00b0C.<\/p>\n\n\n\n<p>No s\u00e1bado (31), o Litoral e Zona da Mata podem apresentar nebulosidade vari\u00e1vel com possibilidade de chuva passageira, e term\u00f4metros que atingem a m\u00ednima de 24\u00b0C e m\u00e1xima de 31\u00b0C. No Agreste e Baixo S\u00e3o Francisco, curtos per\u00edodos de sol intercalados com nuvens. A m\u00ednima atinge os 24\u00b0C, e a m\u00e1xima 34\u00b0C. &nbsp;<\/p>\n\n\n\n<p>No domingo (1), a previs\u00e3o para toda Alagoas \u00e9 de sol coberto com nuvens. As temperaturas devem chegar aos 22\u00b0C, m\u00ednima no Sert\u00e3o, e m\u00e1xima de 36\u00b0C no Sert\u00e3o do S\u00e3o Francisco. Nestas regi\u00f5es, o predom\u00ednio \u00e9 de tempo ensolarado durante todo o dia.<\/p>\n\n\n\n<p><strong>Feriado de Finados<\/strong><\/p>\n\n\n\n<p>O tempo seco acompanha o Dia de Finados na segunda-feira (2). Na capital alagoana, sol entre nuvens. As temperaturas variam entre m\u00ednima de 22\u00b0C e m\u00e1xima de 32\u00b0C.<\/p>\n\n\n\n<p>A previs\u00e3o do\u00a0tempo\u00a0pode ser conferida diariamente em\u00a0<a rel=\"noreferrer noopener\" href=\"http:\/\/www.semarh.al.gov.br\/tempo-e-clima\/previsao\" target=\"_blank\">http:\/\/www.semarh.al.gov.br\/tempo-e-clima\/previsao<\/a>, bem como no aplicativo &#8220;Semarh\u00a0Tempo\u00a0Alagoas&#8221;, dispon\u00edvel para a plataforma Android e iOs.\u00a0<\/p>\n\n\n\n<p>Assessoria<\/p>\n","protected":false},"excerpt":{"rendered":"<p>E o feriad\u00e3o do Dia de Finados deve ser de tempo seco em todo o estado. \u00c9<\/p>\n","protected":false},"author":1,"featured_media":12974,"comment_status":"open","ping_status":"open","sticky":false,"template":"","format":"standard","meta":{"footnotes":""},"categories":[60],"tags":[],"class_list":["post-12973","post","type-post","status-publish","format-standard","has-post-thumbnail","hentry","category-capa"],"_links":{"self":[{"href":"https:\/\/4cantosalagoas.com.br\/portal\/wp-json\/wp\/v2\/posts\/12973","targetHints":{"allow":["GET"]}}],"collection":[{"href":"https:\/\/4cantosalagoas.com.br\/portal\/wp-json\/wp\/v2\/posts"}],"about":[{"href":"https:\/\/4cantosalagoas.com.br\/portal\/wp-json\/wp\/v2\/types\/post"}],"author":[{"embeddable":true,"href":"https:\/\/4cantosalagoas.com.br\/portal\/wp-json\/wp\/v2\/users\/1"}],"replies":[{"embeddable":true,"href":"https:\/\/4cantosalagoas.com.br\/portal\/wp-json\/wp\/v2\/comments?post=12973"}],"version-history":[{"count":1,"href":"https:\/\/4cantosalagoas.com.br\/portal\/wp-json\/wp\/v2\/posts\/12973\/revisions"}],"predecessor-version":[{"id":12975,"href":"https:\/\/4cantosalagoas.com.br\/portal\/wp-json\/wp\/v2\/posts\/12973\/revisions\/12975"}],"wp:featuredmedia":[{"embeddable":true,"href":"https:\/\/4cantosalagoas.com.br\/portal\/wp-json\/wp\/v2\/media\/12974"}],"wp:attachment":[{"href":"https:\/\/4cantosalagoas.com.br\/portal\/wp-json\/wp\/v2\/media?parent=12973"}],"wp:term":[{"taxonomy":"category","embeddable":true,"href":"https:\/\/4cantosalagoas.com.br\/portal\/wp-json\/wp\/v2\/categories?post=12973"},{"taxonomy":"post_tag","embeddable":true,"href":"https:\/\/4cantosalagoas.com.br\/portal\/wp-json\/wp\/v2\/tags?post=12973"}],"curies":[{"name":"wp","href":"https:\/\/api.w.org\/{rel}","templated":true}]}}