{"id":12971,"date":"2020-10-30T06:57:31","date_gmt":"2020-10-30T09:57:31","guid":{"rendered":"http:\/\/4cantosalagoas.com.br\/portal\/?p=12971"},"modified":"2020-10-30T06:57:36","modified_gmt":"2020-10-30T09:57:36","slug":"policia-civil-prende-foragido-da-justica-por-trafico-de-drogas","status":"publish","type":"post","link":"https:\/\/4cantosalagoas.com.br\/portal\/policia-civil-prende-foragido-da-justica-por-trafico-de-drogas\/","title":{"rendered":"Pol\u00edcia Civil prende foragido da Justi\u00e7a por tr\u00e1fico de drogas"},"content":{"rendered":"\n<figure class=\"wp-block-image\"><img fetchpriority=\"high\" decoding=\"async\" width=\"445\" height=\"417\" src=\"http:\/\/4cantosalagoas.com.br\/portal\/wp-content\/uploads\/2019\/02\/pcd.jpg\" alt=\"\" class=\"wp-image-6501\" srcset=\"https:\/\/4cantosalagoas.com.br\/portal\/wp-content\/uploads\/2019\/02\/pcd.jpg 445w, https:\/\/4cantosalagoas.com.br\/portal\/wp-content\/uploads\/2019\/02\/pcd-300x281.jpg 300w, https:\/\/4cantosalagoas.com.br\/portal\/wp-content\/uploads\/2019\/02\/pcd-375x351.jpg 375w\" sizes=\"(max-width: 445px) 100vw, 445px\" \/><figcaption>Assessoria<\/figcaption><\/figure>\n\n\n\n<p>Policiais civis da Assessoria T\u00e9cnica de Intelig\u00eancia da Divis\u00e3o Especial de Investiga\u00e7\u00e3o e Capturas (DEIC), sob coordena\u00e7\u00e3o do delegeado Gustavo Henrique, prendeu na quarta-feira (28), um homem em cumprimento de um mandado de pris\u00e3o preventiva.<\/p>\n\n\n\n<p>A pris\u00e3o ocorreu no Conjunto Frei Dami\u00e3o, em Macei\u00f3, onde o indiv\u00edduo residia atualmente. Ele tem 31 anos e estava foragido desde o dia 13 de fevereiro de 2019, quando teve a pris\u00e3o decretada ap\u00f3s condena\u00e7\u00e3o definitiva pelo crime de tr\u00e1fico de drogas.<\/p>\n\n\n\n<p>A DEIC recebeu o mandado h\u00e1 dois meses e desde ent\u00e3o os agentes da Assessoria T\u00e9cnica de Intelig\u00eancia executaram v\u00e1rias dilig\u00eancias at\u00e9 a localiza\u00e7\u00e3o do endere\u00e7o onde o indiv\u00edduo foi preso.<\/p>\n\n\n\n<p>Ap\u00f3s a captura, o preso foi levado para a sede da DEIC onde foi formalizado o cumprimento do mandado de pris\u00e3o e em seguida, encaminhado para o sistema prisional onde permanece \u00e0 disposi\u00e7\u00e3o da justi\u00e7a.<\/p>\n\n\n\n<p>O trabalho dos investigadores da Especializada foi enaltecido pelo delegado Gustavo Henrique.<\/p>\n\n\n\n<p>\u201cO trabalho das equipes da DEIC t\u00eam sido extremamente t\u00e9cnico e pautado na orienta\u00e7\u00e3o do Secret\u00e1rio de Seguran\u00e7a P\u00fablica, Lima J\u00fanior, e do delegado Geral da Pol\u00edcia Civil, Paulo Cerqueira. Nosso objetivo \u00e9 priorizar a desarticula\u00e7\u00e3o de organiza\u00e7\u00f5es criminosas bem como a pris\u00e3o de\u00a0 foragidos perigosos e acusados de crimes graves, como \u00e9 o tr\u00e1fico de drogas\u201d, disse o delegado.<\/p>\n\n\n\n<p>Assessoria<\/p>\n","protected":false},"excerpt":{"rendered":"<p>Policiais civis da Assessoria T\u00e9cnica de Intelig\u00eancia da Divis\u00e3o Especial de Investiga\u00e7\u00e3o e Capturas (DEIC), sob coordena\u00e7\u00e3o<\/p>\n","protected":false},"author":1,"featured_media":6501,"comment_status":"open","ping_status":"open","sticky":false,"template":"","format":"standard","meta":{"footnotes":""},"categories":[60],"tags":[],"class_list":["post-12971","post","type-post","status-publish","format-standard","has-post-thumbnail","hentry","category-capa"],"_links":{"self":[{"href":"https:\/\/4cantosalagoas.com.br\/portal\/wp-json\/wp\/v2\/posts\/12971","targetHints":{"allow":["GET"]}}],"collection":[{"href":"https:\/\/4cantosalagoas.com.br\/portal\/wp-json\/wp\/v2\/posts"}],"about":[{"href":"https:\/\/4cantosalagoas.com.br\/portal\/wp-json\/wp\/v2\/types\/post"}],"author":[{"embeddable":true,"href":"https:\/\/4cantosalagoas.com.br\/portal\/wp-json\/wp\/v2\/users\/1"}],"replies":[{"embeddable":true,"href":"https:\/\/4cantosalagoas.com.br\/portal\/wp-json\/wp\/v2\/comments?post=12971"}],"version-history":[{"count":1,"href":"https:\/\/4cantosalagoas.com.br\/portal\/wp-json\/wp\/v2\/posts\/12971\/revisions"}],"predecessor-version":[{"id":12972,"href":"https:\/\/4cantosalagoas.com.br\/portal\/wp-json\/wp\/v2\/posts\/12971\/revisions\/12972"}],"wp:featuredmedia":[{"embeddable":true,"href":"https:\/\/4cantosalagoas.com.br\/portal\/wp-json\/wp\/v2\/media\/6501"}],"wp:attachment":[{"href":"https:\/\/4cantosalagoas.com.br\/portal\/wp-json\/wp\/v2\/media?parent=12971"}],"wp:term":[{"taxonomy":"category","embeddable":true,"href":"https:\/\/4cantosalagoas.com.br\/portal\/wp-json\/wp\/v2\/categories?post=12971"},{"taxonomy":"post_tag","embeddable":true,"href":"https:\/\/4cantosalagoas.com.br\/portal\/wp-json\/wp\/v2\/tags?post=12971"}],"curies":[{"name":"wp","href":"https:\/\/api.w.org\/{rel}","templated":true}]}}