{"id":12805,"date":"2020-10-09T18:16:22","date_gmt":"2020-10-09T21:16:22","guid":{"rendered":"http:\/\/4cantosalagoas.com.br\/portal\/?p=12805"},"modified":"2020-10-09T18:16:28","modified_gmt":"2020-10-09T21:16:28","slug":"linhas-de-onibus-serao-modificadas-neste-fim-de-semana","status":"publish","type":"post","link":"https:\/\/4cantosalagoas.com.br\/portal\/linhas-de-onibus-serao-modificadas-neste-fim-de-semana\/","title":{"rendered":"Linhas de \u00f4nibus ser\u00e3o modificadas neste fim de semana"},"content":{"rendered":"\n<figure class=\"wp-block-image\"><img fetchpriority=\"high\" decoding=\"async\" width=\"1024\" height=\"683\" src=\"https:\/\/i1.wp.com\/4cantosalagoas.com.br\/portal\/wp-content\/uploads\/2020\/10\/126.jpg?fit=1024%2C683\" alt=\"\" class=\"wp-image-12806\" srcset=\"https:\/\/4cantosalagoas.com.br\/portal\/wp-content\/uploads\/2020\/10\/126.jpg 1024w, https:\/\/4cantosalagoas.com.br\/portal\/wp-content\/uploads\/2020\/10\/126-300x200.jpg 300w, https:\/\/4cantosalagoas.com.br\/portal\/wp-content\/uploads\/2020\/10\/126-768x512.jpg 768w\" sizes=\"(max-width: 1024px) 100vw, 1024px\" \/><figcaption> <br>Linhas de \u00f4nibus ser\u00e3o modificadas neste final de semana. Foto: Pei Fon\/ Secom Macei\u00f3 <\/figcaption><\/figure>\n\n\n\n<p> Neste fim de semana, a Superintend\u00eancia Municipal de Transportes e Tr\u00e2nsito (SMTT) far\u00e1 modifica\u00e7\u00f5es em algumas linhas de \u00f4nibus que operam no Sistema Integrado de Mobilidade de Macei\u00f3 (SIMM). O objetivo da mudan\u00e7a \u00e9 otimizar a oferta dos coletivos urbanos que circulam na capital. Para alertar os passageiros sobre as mudan\u00e7as, informativos foram anexados no interior dos \u00f4nibus e nos terminais. <\/p>\n\n\n\n<p>A partir deste s\u00e1bado (10), as linhas 608 \u2013 Gruta\/ Iguatemi (Sanat\u00f3rio \u2013 Macei\u00f3 Shopping) e linha 609 \u2013 Sanat\u00f3rio\/Iguatemi (Ponta Verde \u2013 Parque Shopping) ser\u00e3o substitu\u00eddas pela nova linha 618 \u2013 Gruta\/Cruz das Almas (Sanat\u00f3rio \u2013 Ponta Verde \u2013 Macei\u00f3 Shopping \u2013 Parque Shopping). As op\u00e7\u00f5es de integra\u00e7\u00f5es deste itiner\u00e1rio s\u00e3o as linhas 022 \u2013 S\u00e3o Jorge\/Centro (Gruta \u2013 Jacintinho), 024 \u2013 Sanat\u00f3rio\/ Centro (Rotary), 027 \u2013 Vila Saem\/ Centro, 033 \u2013 Jos\u00e9 Ten\u00f3rio\/ Centro (Rotary), 035 \u2013 Ouro Preto\/ Mercado (Novo Mundo), 036 \u2013 Dubeaux Le\u00e3o\/ Centro, 041 \u2013 Feitosa\/ Centro (Farol), 221 \u2013 Sa\u00fade\/ Mercado, 223 \u2013 Ipioca\/ Mercado, 226 \u2013 Ipioca \/Trapiche (Po\u00e7o), 604 \u2013 Eust\u00e1quio Gomes\/ Cruz das Almas, 606 \u2013 Jos\u00e9 Ten\u00f3rio\/ Macei\u00f3 Shopping (Santo Eduardo), 700 \u2013 Sanat\u00f3rio\/ Rotary (Ponta Verde) e 1020 \u2013 Cruz das Almas\/ S\u00e3o Jorge (Jacarecica).<\/p>\n\n\n\n<p><strong>Domingo (11)<\/strong><\/p>\n\n\n\n<p>Neste domingo (11), a linha 057 \u2013 Rio Novo\/ Centro (via Farol) ter\u00e1 a sua opera\u00e7\u00e3o suspensa aos domingos e feriados, passando a ser substitu\u00edda pela linha 715A \u2013 Rio Novo\/ Ponta Verde (Colina \u2013 Bebedouro). Os passageiros tamb\u00e9m poder\u00e3o realizar a integra\u00e7\u00e3o no Terminal da Colina com as linhas 068 \u2013 Colina\/ Centro (Santa Am\u00e9lia \u2013 Farol \u2013Pra\u00e7a dos Mart\u00edrios), 072 \u2013 Cama Lins\/Ponta Verde (Colina \u2013 Farol \u2013 Po\u00e7o), 108 \u2013 Clima Bom\/ Trapiche (Colina \u2013 Santa Am\u00e9lia \u2013 Jaqueira), 715B \u2013 Rosane Collor\/Ponta Verde (Colina \u2013 Bebedouro \u2013 Farol), 712A \u2013 Santos Dumont\/Ponta Verde (Colina \u2013 Farol \u2013 Po\u00e7o), 716A \u2013 Clima Bom\/Ponta Verde (Colina \u2013 Farol \u2013 Po\u00e7o), 802 \u2013 Colina\/Benedito Bentes (Via Expressa \u2013 Shopping P\u00e1tio) e 2058- Fern\u00e3o Velho\/Colina (Feirinha).<\/p>\n\n\n\n<p>Outra linha que tamb\u00e9m ser\u00e1 suspensa aos domingos e feriados \u00e9 a 065 \u2013 Rosane Collor\/ Centro (Farol). Sendo assim, ela ser\u00e1 substitu\u00edda pela 715B \u2013 Rosane Collor\/ Ponta Verde. Na ocasi\u00e3o, os usu\u00e1rios do SIMM poder\u00e3o integrar no Terminal da Colina com as linhas 068 \u2013 Colina\/ Centro (Santa Am\u00e9lia \u2013 Farol \u2013 Pra\u00e7a dos Mart\u00edrios), 072 \u2013 Cama Lins\/ Ponta Verde (Colina \u2013 Farol \u2013 Po\u00e7o), 108 \u2013 Clima Bom\/ Trapiche (Colina \u2013 Santa Am\u00e9lia \u2013 Jaqueira), 715A \u2013 Rio Novo\/ Ponta Verde (Colina \u2013 Bebedouro \u2013 Farol), 712A \u2013 Santos Dumont\/ Ponta Verde (Colina \u2013 Farol \u2013 Po\u00e7o), 716A \u2013 Clima Bom\/ Ponta Verde (Colina \u2013 Farol \u2013 Po\u00e7o), 802 \u2013 Colina\/ Benedito Bentes (Via Expressa \u2013 Shopping P\u00e1tio) e 2058- Fern\u00e3o Velho\/ Colina (Feirinha).<\/p>\n\n\n\n<p>A linha 069 \u2013 Clima Bom\/ Centro (Farol) tamb\u00e9m ter\u00e1 sua opera\u00e7\u00e3o suspensa aos domingos e feriados. Por este motivo, ser\u00e1 substitu\u00edda pela linha 716A \u2013 Clima Bom\/ Ponta Verde (Colina \u2013 Farol \u2013 Po\u00e7o) e 108 \u2013 Clima Bom\/ Trapiche (Colina \u2013 Santa Am\u00e9lia \u2013 Jaqueira). Os usu\u00e1rios dos coletivos poder\u00e3o integrar no Terminal da Colina com as linhas 068 \u2013 Colina\/ Centro (Santa Am\u00e9lia \u2013 Farol \u2013 Pra\u00e7a dos Mart\u00edrios), 072 \u2013 Cama Lins\/ Ponta Verde (Colina \u2013 Farol \u2013 Po\u00e7o), 715A \u2013 Rio Novo\/ Ponta Verde (Colina \u2013 Bebedouro \u2013 Farol), 715B \u2013 Rosane Collor\/ Ponta Verde (Colina \u2013 Bebedouro \u2013 Farol), 712A \u2013 Santos Dumont\/ Ponta Verde (Colina \u2013 Farol \u2013 Po\u00e7o), 802 \u2013 Colina\/ Benedito Bentes (Via Expressa \u2013 Shopping P\u00e1tio) e 2058- Fern\u00e3o Velho\/ Colina (Feirinha).<\/p>\n\n\n\n<p><strong>Ter\u00e7a-feira (13)<\/strong><\/p>\n\n\n\n<p>J\u00e1 na ter\u00e7a-feira (13), a linha 027 \u2013 Vila Saem\/ Centro passar\u00e1 a atender o bairro da Pitanguinha na ida e na volta das viagens dos coletivos, substituindo a extinta linha 608 \u2013 Gruta\/ Iguatemi. Os usu\u00e1rios poder\u00e3o realizar a integra\u00e7\u00e3o com as linhas 024 \u2013 Sanat\u00f3rio\/ Centro (Rotary), 606 \u2013 Jos\u00e9 Ten\u00f3rio\/Macei\u00f3 Shopping (Santo Eduardo), 618 \u2013 Gruta\/ Cruz das Almas (Sanat\u00f3rio \u2013 Ponta Verde \u2013 Macei\u00f3 Shopping \u2013 Parque Shopping), 700 \u2013 Sanat\u00f3rio\/ Rotary (Ponta Verde), 906 \u2013 Pontal\/ Ufal (Vergel) e 907 \u2013 Trapiche\/ Ufal (Vergel \u2013 Centro).<\/p>\n\n\n\n<p>Ascom SMTT<\/p>\n","protected":false},"excerpt":{"rendered":"<p>Neste fim de semana, a Superintend\u00eancia Municipal de Transportes e Tr\u00e2nsito (SMTT) far\u00e1 modifica\u00e7\u00f5es em algumas linhas<\/p>\n","protected":false},"author":1,"featured_media":12806,"comment_status":"open","ping_status":"open","sticky":false,"template":"","format":"standard","meta":{"footnotes":""},"categories":[60],"tags":[],"class_list":["post-12805","post","type-post","status-publish","format-standard","has-post-thumbnail","hentry","category-capa"],"_links":{"self":[{"href":"https:\/\/4cantosalagoas.com.br\/portal\/wp-json\/wp\/v2\/posts\/12805","targetHints":{"allow":["GET"]}}],"collection":[{"href":"https:\/\/4cantosalagoas.com.br\/portal\/wp-json\/wp\/v2\/posts"}],"about":[{"href":"https:\/\/4cantosalagoas.com.br\/portal\/wp-json\/wp\/v2\/types\/post"}],"author":[{"embeddable":true,"href":"https:\/\/4cantosalagoas.com.br\/portal\/wp-json\/wp\/v2\/users\/1"}],"replies":[{"embeddable":true,"href":"https:\/\/4cantosalagoas.com.br\/portal\/wp-json\/wp\/v2\/comments?post=12805"}],"version-history":[{"count":1,"href":"https:\/\/4cantosalagoas.com.br\/portal\/wp-json\/wp\/v2\/posts\/12805\/revisions"}],"predecessor-version":[{"id":12807,"href":"https:\/\/4cantosalagoas.com.br\/portal\/wp-json\/wp\/v2\/posts\/12805\/revisions\/12807"}],"wp:featuredmedia":[{"embeddable":true,"href":"https:\/\/4cantosalagoas.com.br\/portal\/wp-json\/wp\/v2\/media\/12806"}],"wp:attachment":[{"href":"https:\/\/4cantosalagoas.com.br\/portal\/wp-json\/wp\/v2\/media?parent=12805"}],"wp:term":[{"taxonomy":"category","embeddable":true,"href":"https:\/\/4cantosalagoas.com.br\/portal\/wp-json\/wp\/v2\/categories?post=12805"},{"taxonomy":"post_tag","embeddable":true,"href":"https:\/\/4cantosalagoas.com.br\/portal\/wp-json\/wp\/v2\/tags?post=12805"}],"curies":[{"name":"wp","href":"https:\/\/api.w.org\/{rel}","templated":true}]}}