{"id":12802,"date":"2020-10-09T18:13:41","date_gmt":"2020-10-09T21:13:41","guid":{"rendered":"http:\/\/4cantosalagoas.com.br\/portal\/?p=12802"},"modified":"2020-10-09T18:13:47","modified_gmt":"2020-10-09T21:13:47","slug":"defesa-civil-alerta-para-previsao-de-ventos-fortes","status":"publish","type":"post","link":"https:\/\/4cantosalagoas.com.br\/portal\/defesa-civil-alerta-para-previsao-de-ventos-fortes\/","title":{"rendered":"Defesa Civil alerta para previs\u00e3o de ventos fortes"},"content":{"rendered":"\n<figure class=\"wp-block-image\"><img fetchpriority=\"high\" decoding=\"async\" width=\"1024\" height=\"683\" src=\"https:\/\/i2.wp.com\/4cantosalagoas.com.br\/portal\/wp-content\/uploads\/2020\/10\/125.jpg?fit=1024%2C683\" alt=\"\" class=\"wp-image-12803\" srcset=\"https:\/\/4cantosalagoas.com.br\/portal\/wp-content\/uploads\/2020\/10\/125.jpg 1024w, https:\/\/4cantosalagoas.com.br\/portal\/wp-content\/uploads\/2020\/10\/125-300x200.jpg 300w, https:\/\/4cantosalagoas.com.br\/portal\/wp-content\/uploads\/2020\/10\/125-768x512.jpg 768w\" sizes=\"(max-width: 1024px) 100vw, 1024px\" \/><figcaption> <br>Durante o final de semana, atendimento deve ser feito atrav\u00e9s do 199. Foto: Pei Fon\/ Secom Macei\u00f3 <\/figcaption><\/figure>\n\n\n\n<p>A Coordenadoria Especial Municipal de Prote\u00e7\u00e3o e Defesa Civil (Compdec) alerta a popula\u00e7\u00e3o de Macei\u00f3 para a previs\u00e3o de ocorr\u00eancia de ventos fortes, com possibilidade de rajadas que podem atingir velocidades de at\u00e9 50 km\/h durante o final de semana. A orienta\u00e7\u00e3o do \u00f3rg\u00e3o municipal \u00e9 que a popula\u00e7\u00e3o tenha cuidado com locais com \u00e1rvores. \u00c9 importante tamb\u00e9m estar atento aos letreiros e outdoors, que devem estar bem fixados.<\/p>\n\n\n\n<p>A previs\u00e3o do tempo para o final de semana \u00e9 de predomin\u00e2ncia de sol durante todo o dia, mas aponta que as condi\u00e7\u00f5es meteorol\u00f3gicas est\u00e3o favor\u00e1veis \u00e0 ocorr\u00eancia de ventos com intensidade entre moderada e forte, com possibilidade de rajadas que poder\u00e3o atingir velocidades de at\u00e9 50 km\/h.<\/p>\n\n\n\n<p>Devido \u00e0 previs\u00e3o de rajadas de ventos, a Defesa Civil de Macei\u00f3 refor\u00e7a a necessidade de aten\u00e7\u00e3o especial a queda de \u00e1rvores, placas e objetos que poder\u00e3o atingir a rede el\u00e9trica. E orienta a popula\u00e7\u00e3o que \u00e9 importante tomar alguns cuidados para evitar riscos.<\/p>\n\n\n\n<p><strong>Recomenda\u00e7\u00f5es<\/strong><\/p>\n\n\n\n<p>\u2013 Manter as \u00e1rvores da casa sadias e bem podadas. A poda preventiva e poss\u00edveis supress\u00f5es podem ser solicitadas a Superintend\u00eancia Municipal de Desenvolvimento Sustent\u00e1vel (Sudes) pela Central de Monitoramento do \u00f3rg\u00e3o, que atende nos n\u00fameros 0800 082 2600 ou pelo WhatsApp 98802-4834. O servi\u00e7o funciona de segunda sexta-feira, no hor\u00e1rio de 8h \u00e0s 14h;<\/p>\n\n\n\n<p>\u2013 Revisar a resist\u00eancia da casa ou com\u00e9rcio, principalmente o madeiramento de apoio do telhado e a amarra\u00e7\u00e3o das telhas no madeiramento, se tiver;<\/p>\n\n\n\n<p>\u2013 Evitar a pr\u00e1tica de esportes influenciados pelos ventos ou aqu\u00e1ticos, tais como surf, windsurf e kitesurf;<\/p>\n\n\n\n<p>\u2013 Evitar empinar pipas;<\/p>\n\n\n\n<p>\u2013 Evitar ficar pr\u00f3ximo a encostas ou lugares altos sem prote\u00e7\u00e3o;<\/p>\n\n\n\n<p>\u2013 Trabalhadores que utilizam andaimes devem redobrar os cuidados e verificar com aten\u00e7\u00e3o a fixa\u00e7\u00e3o das amarra\u00e7\u00f5es e dos encaixes met\u00e1licos;<\/p>\n\n\n\n<p>\u2013 Quando estiver transitando pelas avenidas, evitar passar sob cabos el\u00e9tricos, outdoors, andaimes, escadas, estruturas que n\u00e3o transmitem seguran\u00e7a, escadas, dentre outros.<\/p>\n\n\n\n<p>\u2013 N\u00e3o estacionar ve\u00edculos pr\u00f3ximos a torres de transmiss\u00e3o e placas de propaganda, pois estas estar\u00e3o sob influ\u00eancia de ventos fortes;<\/p>\n\n\n\n<p>\u2013 N\u00e3o se abrigar debaixo de \u00e1rvores ou em fr\u00e1geis coberturas met\u00e1licas.<\/p>\n\n\n\n<p>Em caso de ocorr\u00eancia, a Defesa Civil de Macei\u00f3, que funciona 24 horas, pode ser acionada pelo n\u00famero 199.<\/p>\n\n\n\n<p>Fl\u00e1via Duarte\/ Ascom Defesa Civil<\/p>\n","protected":false},"excerpt":{"rendered":"<p>A Coordenadoria Especial Municipal de Prote\u00e7\u00e3o e Defesa Civil (Compdec) alerta a popula\u00e7\u00e3o de Macei\u00f3 para a<\/p>\n","protected":false},"author":1,"featured_media":12803,"comment_status":"open","ping_status":"open","sticky":false,"template":"","format":"standard","meta":{"footnotes":""},"categories":[60],"tags":[],"class_list":["post-12802","post","type-post","status-publish","format-standard","has-post-thumbnail","hentry","category-capa"],"_links":{"self":[{"href":"https:\/\/4cantosalagoas.com.br\/portal\/wp-json\/wp\/v2\/posts\/12802","targetHints":{"allow":["GET"]}}],"collection":[{"href":"https:\/\/4cantosalagoas.com.br\/portal\/wp-json\/wp\/v2\/posts"}],"about":[{"href":"https:\/\/4cantosalagoas.com.br\/portal\/wp-json\/wp\/v2\/types\/post"}],"author":[{"embeddable":true,"href":"https:\/\/4cantosalagoas.com.br\/portal\/wp-json\/wp\/v2\/users\/1"}],"replies":[{"embeddable":true,"href":"https:\/\/4cantosalagoas.com.br\/portal\/wp-json\/wp\/v2\/comments?post=12802"}],"version-history":[{"count":1,"href":"https:\/\/4cantosalagoas.com.br\/portal\/wp-json\/wp\/v2\/posts\/12802\/revisions"}],"predecessor-version":[{"id":12804,"href":"https:\/\/4cantosalagoas.com.br\/portal\/wp-json\/wp\/v2\/posts\/12802\/revisions\/12804"}],"wp:featuredmedia":[{"embeddable":true,"href":"https:\/\/4cantosalagoas.com.br\/portal\/wp-json\/wp\/v2\/media\/12803"}],"wp:attachment":[{"href":"https:\/\/4cantosalagoas.com.br\/portal\/wp-json\/wp\/v2\/media?parent=12802"}],"wp:term":[{"taxonomy":"category","embeddable":true,"href":"https:\/\/4cantosalagoas.com.br\/portal\/wp-json\/wp\/v2\/categories?post=12802"},{"taxonomy":"post_tag","embeddable":true,"href":"https:\/\/4cantosalagoas.com.br\/portal\/wp-json\/wp\/v2\/tags?post=12802"}],"curies":[{"name":"wp","href":"https:\/\/api.w.org\/{rel}","templated":true}]}}