{"id":12790,"date":"2020-10-08T18:18:46","date_gmt":"2020-10-08T21:18:46","guid":{"rendered":"http:\/\/4cantosalagoas.com.br\/portal\/?p=12790"},"modified":"2020-10-08T18:18:52","modified_gmt":"2020-10-08T21:18:52","slug":"presos-nao-tem-envolvimento-com-morte-de-mototaxista-em-teotonio-vilela","status":"publish","type":"post","link":"https:\/\/4cantosalagoas.com.br\/portal\/presos-nao-tem-envolvimento-com-morte-de-mototaxista-em-teotonio-vilela\/","title":{"rendered":"Presos n\u00e3o t\u00eam envolvimento com morte de mototaxista em Teot\u00f4nio Vilela"},"content":{"rendered":"\n<figure class=\"wp-block-image\"><img fetchpriority=\"high\" decoding=\"async\" width=\"512\" height=\"347\" src=\"http:\/\/4cantosalagoas.com.br\/portal\/wp-content\/uploads\/2020\/10\/ci.jpg\" alt=\"\" class=\"wp-image-12791\" srcset=\"https:\/\/4cantosalagoas.com.br\/portal\/wp-content\/uploads\/2020\/10\/ci.jpg 512w, https:\/\/4cantosalagoas.com.br\/portal\/wp-content\/uploads\/2020\/10\/ci-300x203.jpg 300w\" sizes=\"(max-width: 512px) 100vw, 512px\" \/><figcaption>Assessoria<\/figcaption><\/figure>\n\n\n\n<p>A Pol\u00edcia Civil, por meio do delegado Arthur C\u00e9sar, do 79\u00ba Distrito Policial (DP) de Teotonio Vilela, informou na manh\u00e3 desta quinta-feira (8) que as pessoas presas nesta ter\u00e7a-feira (6) n\u00e3o t\u00eam nenhum envolvimento com a morte do mototaxista&nbsp;Jos\u00e9 Ad\u00e3o Gomes dos Santos, de 48 anos, crime ocorrido&nbsp;no munic\u00edpio.<\/p>\n\n\n\n<p>O esclarecimento foi dado em virtude do fato de que quando os policiais chegaram para dar cumprimento ao mandado de pris\u00e3o de um acusado por poutro homic\u00eddio, onde poderia estar o autor do crime, foi descoberta uma boca-de-fumo e presas tr\u00eas pessoas e apreendida uma menor. No local foi encontrada a motocicleta pertencente ao mototaxista assassinado, mas os presos n\u00e3o t\u00eam nada haver com a morte de Jos\u00e9 Ad\u00e3o.<\/p>\n\n\n\n<p>\u201cAs quatro pessoas que foram detidas, entre elas, uma menor, est\u00e3o envolvidas com drogas e n\u00e3o com o assassinato do Jos\u00e9 Ad\u00e3o\u201d, esclareceu o delegado.<\/p>\n\n\n\n<p>O titular do 79\u00ba DP disse ainda que a pessoa que participou do latroc\u00ednio que vitimou o mototaxista Jos\u00e9 Ad\u00e3o, n\u00e3o foi localizada e segue foragida, e que as dilig\u00eancias continuma no sentido de prend\u00ea-la o mais r\u00e1pido poss\u00edvel.<\/p>\n\n\n\n<p>Assessoria<\/p>\n","protected":false},"excerpt":{"rendered":"<p>A Pol\u00edcia Civil, por meio do delegado Arthur C\u00e9sar, do 79\u00ba Distrito Policial (DP) de Teotonio Vilela,<\/p>\n","protected":false},"author":1,"featured_media":12791,"comment_status":"open","ping_status":"open","sticky":false,"template":"","format":"standard","meta":{"footnotes":""},"categories":[60],"tags":[],"class_list":["post-12790","post","type-post","status-publish","format-standard","has-post-thumbnail","hentry","category-capa"],"_links":{"self":[{"href":"https:\/\/4cantosalagoas.com.br\/portal\/wp-json\/wp\/v2\/posts\/12790","targetHints":{"allow":["GET"]}}],"collection":[{"href":"https:\/\/4cantosalagoas.com.br\/portal\/wp-json\/wp\/v2\/posts"}],"about":[{"href":"https:\/\/4cantosalagoas.com.br\/portal\/wp-json\/wp\/v2\/types\/post"}],"author":[{"embeddable":true,"href":"https:\/\/4cantosalagoas.com.br\/portal\/wp-json\/wp\/v2\/users\/1"}],"replies":[{"embeddable":true,"href":"https:\/\/4cantosalagoas.com.br\/portal\/wp-json\/wp\/v2\/comments?post=12790"}],"version-history":[{"count":1,"href":"https:\/\/4cantosalagoas.com.br\/portal\/wp-json\/wp\/v2\/posts\/12790\/revisions"}],"predecessor-version":[{"id":12792,"href":"https:\/\/4cantosalagoas.com.br\/portal\/wp-json\/wp\/v2\/posts\/12790\/revisions\/12792"}],"wp:featuredmedia":[{"embeddable":true,"href":"https:\/\/4cantosalagoas.com.br\/portal\/wp-json\/wp\/v2\/media\/12791"}],"wp:attachment":[{"href":"https:\/\/4cantosalagoas.com.br\/portal\/wp-json\/wp\/v2\/media?parent=12790"}],"wp:term":[{"taxonomy":"category","embeddable":true,"href":"https:\/\/4cantosalagoas.com.br\/portal\/wp-json\/wp\/v2\/categories?post=12790"},{"taxonomy":"post_tag","embeddable":true,"href":"https:\/\/4cantosalagoas.com.br\/portal\/wp-json\/wp\/v2\/tags?post=12790"}],"curies":[{"name":"wp","href":"https:\/\/api.w.org\/{rel}","templated":true}]}}