{"id":12784,"date":"2020-10-08T09:33:44","date_gmt":"2020-10-08T12:33:44","guid":{"rendered":"http:\/\/4cantosalagoas.com.br\/portal\/?p=12784"},"modified":"2020-10-08T09:33:49","modified_gmt":"2020-10-08T12:33:49","slug":"concurso-vai-premiar-receitas-da-alimentacao-escolar","status":"publish","type":"post","link":"https:\/\/4cantosalagoas.com.br\/portal\/concurso-vai-premiar-receitas-da-alimentacao-escolar\/","title":{"rendered":"Concurso vai premiar receitas da alimenta\u00e7\u00e3o escolar"},"content":{"rendered":"\n<figure class=\"wp-block-image\"><img fetchpriority=\"high\" decoding=\"async\" width=\"1280\" height=\"1280\" src=\"https:\/\/i2.wp.com\/4cantosalagoas.com.br\/portal\/wp-content\/uploads\/2020\/10\/amama.jpeg?fit=1024%2C1024\" alt=\"\" class=\"wp-image-12785\" srcset=\"https:\/\/4cantosalagoas.com.br\/portal\/wp-content\/uploads\/2020\/10\/amama.jpeg 1280w, https:\/\/4cantosalagoas.com.br\/portal\/wp-content\/uploads\/2020\/10\/amama-150x150.jpeg 150w, https:\/\/4cantosalagoas.com.br\/portal\/wp-content\/uploads\/2020\/10\/amama-300x300.jpeg 300w, https:\/\/4cantosalagoas.com.br\/portal\/wp-content\/uploads\/2020\/10\/amama-768x768.jpeg 768w, https:\/\/4cantosalagoas.com.br\/portal\/wp-content\/uploads\/2020\/10\/amama-1024x1024.jpeg 1024w\" sizes=\"(max-width: 1280px) 100vw, 1280px\" \/><figcaption>Divulga\u00e7\u00e3o<\/figcaption><\/figure>\n\n\n\n<p>O segundo concurso de merendeiras, realizado pelo Servi\u00e7o de Apoio \u00e0s Micro e Pequenas Empresas de Alagoas (Sebrae\/AL), este ano, em parceria como o Servi\u00e7o Nacional de Aprendizagem Comercial (Senac\/AL), teve seu edital lan\u00e7ado na \u00faltima sexta-feira (03). As inscri\u00e7\u00f5es v\u00e3o de 26 a 30 de Outubro\/2020.<\/p>\n\n\n\n<p>O concurso consiste na elei\u00e7\u00e3o, divulga\u00e7\u00e3o e premia\u00e7\u00e3o de receitas culin\u00e1rias elaboradas por merendeiras da alimenta\u00e7\u00e3o escolar, que atuam em escolas p\u00fablicas de Educa\u00e7\u00e3o B\u00e1sica nos munic\u00edpios do Projeto Cidade Empreendedora (Arapiraca, Campo Alegre, Coruripe, Delmiro Gouveia, Macei\u00f3, Maragogi, Palmeira dos \u00cdndios, Penedo, Santana do Ipanema, e S\u00e3o Miguel dos Campos).<\/p>\n\n\n\n<p>Somente estar\u00e3o aptas a participar do concurso, as receitas elaboradas pelos participantes que residem nos munic\u00edpios do Projeto, que participarem das duas capacita\u00e7\u00f5es sobre Gest\u00e3o de Alimentos e T\u00e9cnicas B\u00e1sicas de Culin\u00e1rias. Elas devem ser inscrever e enviar suas receitas nos termos e crit\u00e9rios do edital. As merendeiras da Rede Municipal de Educa\u00e7\u00e3o de Macei\u00f3 ir\u00e3o participar das forma\u00e7\u00f5es, que neste ano ser\u00e3o online, devido \u00e0 pandemia do novo coronav\u00edrus.<\/p>\n\n\n\n<p>A fase da escolha das melhores receitas da alimenta\u00e7\u00e3o escolar ocorrer\u00e1 em tr\u00eas momentos: a Etapa Eliminat\u00f3ria, a Etapa Municipal (semifinal) e a Etapa Estadual (final). Ser\u00e3o avaliados nas etapas municipais e estadual, o sabor, a criatividade (inova\u00e7\u00e3o e originalidade), a apar\u00eancia e a textura dos pratos.<\/p>\n\n\n\n<p>Os crit\u00e9rios para escolha da receita s\u00e3o a presen\u00e7a de alimentos regionais e da agricultura familiar local, presen\u00e7a de alimentos in natura ou minimamente processados, aus\u00eancia de alimentos processados e ultraprocessados e a possibilidade de replica\u00e7\u00e3o da receita no contexto escolar.<\/p>\n\n\n\n<p>O per\u00edodo das fases e etapas poder\u00e1 sofrer altera\u00e7\u00e3o devido \u00e0 necessidade de adequa\u00e7\u00e3o. Caso haja alguma altera\u00e7\u00e3o, os participantes ser\u00e3o comunicados com anteced\u00eancia m\u00ednima de 24h da data estipulada no calend\u00e1rio que est\u00e1 no edital.<\/p>\n\n\n\n<p>As premia\u00e7\u00f5es v\u00e3o de R$500 a R$5 mil para as merendeiras e nutricionistas da escola vencedora da etapa estadual. Confira no&nbsp;<a href=\"http:\/\/www.scf2.sebrae.com.br\/portalcf\/Detalhamento.aspx?cod=2459&amp;TipoAcao=AL\">edital<\/a>&nbsp;o cronograma, as etapas, as regras e os pr\u00eamios do concurso.<\/p>\n\n\n\n<p>Ascom Semed<\/p>\n","protected":false},"excerpt":{"rendered":"<p>O segundo concurso de merendeiras, realizado pelo Servi\u00e7o de Apoio \u00e0s Micro e Pequenas Empresas de Alagoas<\/p>\n","protected":false},"author":1,"featured_media":12785,"comment_status":"open","ping_status":"open","sticky":false,"template":"","format":"standard","meta":{"footnotes":""},"categories":[5],"tags":[],"class_list":["post-12784","post","type-post","status-publish","format-standard","has-post-thumbnail","hentry","category-maceio"],"_links":{"self":[{"href":"https:\/\/4cantosalagoas.com.br\/portal\/wp-json\/wp\/v2\/posts\/12784","targetHints":{"allow":["GET"]}}],"collection":[{"href":"https:\/\/4cantosalagoas.com.br\/portal\/wp-json\/wp\/v2\/posts"}],"about":[{"href":"https:\/\/4cantosalagoas.com.br\/portal\/wp-json\/wp\/v2\/types\/post"}],"author":[{"embeddable":true,"href":"https:\/\/4cantosalagoas.com.br\/portal\/wp-json\/wp\/v2\/users\/1"}],"replies":[{"embeddable":true,"href":"https:\/\/4cantosalagoas.com.br\/portal\/wp-json\/wp\/v2\/comments?post=12784"}],"version-history":[{"count":1,"href":"https:\/\/4cantosalagoas.com.br\/portal\/wp-json\/wp\/v2\/posts\/12784\/revisions"}],"predecessor-version":[{"id":12786,"href":"https:\/\/4cantosalagoas.com.br\/portal\/wp-json\/wp\/v2\/posts\/12784\/revisions\/12786"}],"wp:featuredmedia":[{"embeddable":true,"href":"https:\/\/4cantosalagoas.com.br\/portal\/wp-json\/wp\/v2\/media\/12785"}],"wp:attachment":[{"href":"https:\/\/4cantosalagoas.com.br\/portal\/wp-json\/wp\/v2\/media?parent=12784"}],"wp:term":[{"taxonomy":"category","embeddable":true,"href":"https:\/\/4cantosalagoas.com.br\/portal\/wp-json\/wp\/v2\/categories?post=12784"},{"taxonomy":"post_tag","embeddable":true,"href":"https:\/\/4cantosalagoas.com.br\/portal\/wp-json\/wp\/v2\/tags?post=12784"}],"curies":[{"name":"wp","href":"https:\/\/api.w.org\/{rel}","templated":true}]}}