{"id":12750,"date":"2020-10-05T18:24:24","date_gmt":"2020-10-05T21:24:24","guid":{"rendered":"http:\/\/4cantosalagoas.com.br\/portal\/?p=12750"},"modified":"2020-10-05T18:24:30","modified_gmt":"2020-10-05T21:24:30","slug":"deic-prende-mais-um-foragido-da-justica-em-alagoas","status":"publish","type":"post","link":"https:\/\/4cantosalagoas.com.br\/portal\/deic-prende-mais-um-foragido-da-justica-em-alagoas\/","title":{"rendered":"DEIC prende mais um foragido da Justi\u00e7a em Alagoas"},"content":{"rendered":"\n<figure class=\"wp-block-image\"><img fetchpriority=\"high\" decoding=\"async\" width=\"750\" height=\"500\" src=\"http:\/\/4cantosalagoas.com.br\/portal\/wp-content\/uploads\/2020\/10\/deic.jpg\" alt=\"\" class=\"wp-image-12751\" srcset=\"https:\/\/4cantosalagoas.com.br\/portal\/wp-content\/uploads\/2020\/10\/deic.jpg 750w, https:\/\/4cantosalagoas.com.br\/portal\/wp-content\/uploads\/2020\/10\/deic-300x200.jpg 300w\" sizes=\"(max-width: 750px) 100vw, 750px\" \/><figcaption>Assessoria<\/figcaption><\/figure>\n\n\n\n<p>Um homem de 34 anos, foragido da Justi\u00e7a, foi preso por policiais civis da Se\u00e7\u00e3o de Capturas e do N\u00facleo de Intelig\u00eancia da Divis\u00e3o Especial de Investiga\u00e7\u00e3o e Capturas (DEIC), da Pol\u00edcia Civil de Alagoas, na \u00faltima sexta-feira (2), na cidade de Atalaia, no interior alagoano.<\/p>\n\n\n\n<p>Ele foi preso em cumprimento a mandado de pris\u00e3o expedido pelo juiz Jo\u00e3o Paulo Alexandre dos Santos, da Vara do \u00danico Of\u00edcio do munic\u00edpio de Atalaia, pelo crime de roubo.<\/p>\n\n\n\n<p>O diretor da DEIC, delegado Gustavo Henrique, voltou a enaltecer o trabalho desenvolvido por todos os policiais civis dos setores da unidade especializada no combate \u00e0 criminalidade, que vem resultando em opera\u00e7\u00f5es e a\u00e7\u00f5es com a consequente pris\u00e3o de diversos envolvidos em crimes, tanto em Alagoas, como praticados em outros Estados da federa\u00e7\u00e3o.<\/p>\n\n\n\n<p>Ele disse ainda que, ap\u00f3s a pris\u00e3o, o foragido foi conduzido para a sede da DEIC para os procedimentos cab\u00edveis, ficando \u00e0 disposi\u00e7\u00e3o da Justi\u00e7a.<\/p>\n\n\n\n<p>Assessoria<\/p>\n","protected":false},"excerpt":{"rendered":"<p>Um homem de 34 anos, foragido da Justi\u00e7a, foi preso por policiais civis da Se\u00e7\u00e3o de Capturas<\/p>\n","protected":false},"author":1,"featured_media":12751,"comment_status":"open","ping_status":"open","sticky":false,"template":"","format":"standard","meta":{"footnotes":""},"categories":[11],"tags":[],"class_list":["post-12750","post","type-post","status-publish","format-standard","has-post-thumbnail","hentry","category-policia"],"_links":{"self":[{"href":"https:\/\/4cantosalagoas.com.br\/portal\/wp-json\/wp\/v2\/posts\/12750","targetHints":{"allow":["GET"]}}],"collection":[{"href":"https:\/\/4cantosalagoas.com.br\/portal\/wp-json\/wp\/v2\/posts"}],"about":[{"href":"https:\/\/4cantosalagoas.com.br\/portal\/wp-json\/wp\/v2\/types\/post"}],"author":[{"embeddable":true,"href":"https:\/\/4cantosalagoas.com.br\/portal\/wp-json\/wp\/v2\/users\/1"}],"replies":[{"embeddable":true,"href":"https:\/\/4cantosalagoas.com.br\/portal\/wp-json\/wp\/v2\/comments?post=12750"}],"version-history":[{"count":1,"href":"https:\/\/4cantosalagoas.com.br\/portal\/wp-json\/wp\/v2\/posts\/12750\/revisions"}],"predecessor-version":[{"id":12752,"href":"https:\/\/4cantosalagoas.com.br\/portal\/wp-json\/wp\/v2\/posts\/12750\/revisions\/12752"}],"wp:featuredmedia":[{"embeddable":true,"href":"https:\/\/4cantosalagoas.com.br\/portal\/wp-json\/wp\/v2\/media\/12751"}],"wp:attachment":[{"href":"https:\/\/4cantosalagoas.com.br\/portal\/wp-json\/wp\/v2\/media?parent=12750"}],"wp:term":[{"taxonomy":"category","embeddable":true,"href":"https:\/\/4cantosalagoas.com.br\/portal\/wp-json\/wp\/v2\/categories?post=12750"},{"taxonomy":"post_tag","embeddable":true,"href":"https:\/\/4cantosalagoas.com.br\/portal\/wp-json\/wp\/v2\/tags?post=12750"}],"curies":[{"name":"wp","href":"https:\/\/api.w.org\/{rel}","templated":true}]}}