{"id":12748,"date":"2020-10-05T18:21:22","date_gmt":"2020-10-05T21:21:22","guid":{"rendered":"http:\/\/4cantosalagoas.com.br\/portal\/?p=12748"},"modified":"2020-10-05T18:21:28","modified_gmt":"2020-10-05T21:21:28","slug":"delegacia-de-homicidios-da-capital-prende-acusado-de-crime-de-feminicidio","status":"publish","type":"post","link":"https:\/\/4cantosalagoas.com.br\/portal\/delegacia-de-homicidios-da-capital-prende-acusado-de-crime-de-feminicidio\/","title":{"rendered":"Delegacia de Homic\u00eddios da Capital prende acusado de crime de feminic\u00eddio"},"content":{"rendered":"\n<figure class=\"wp-block-image\"><img fetchpriority=\"high\" decoding=\"async\" width=\"750\" height=\"500\" src=\"http:\/\/4cantosalagoas.com.br\/portal\/wp-content\/uploads\/2020\/05\/DHPP.thumbnail.jpg\" alt=\"\" class=\"wp-image-11414\" srcset=\"https:\/\/4cantosalagoas.com.br\/portal\/wp-content\/uploads\/2020\/05\/DHPP.thumbnail.jpg 750w, https:\/\/4cantosalagoas.com.br\/portal\/wp-content\/uploads\/2020\/05\/DHPP.thumbnail-300x200.jpg 300w\" sizes=\"(max-width: 750px) 100vw, 750px\" \/><figcaption>Assessoria<\/figcaption><\/figure>\n\n\n\n<p>Um homem de 53 anos foi preso na manh\u00e3 deste domingo (4) pela Delegacia de Homic\u00eddios e Prote\u00e7\u00e3o \u00e0 Pessoa (DHPP), por meio da equipe da 3\u00aa DHC, sob o comando da delegada Tacyane Ribeiro.<\/p>\n\n\n\n<p>Os policiais civis cumpriram mandado de pris\u00e3o, expedido pela 9\u00aa Vara Criminal da Capital.<\/p>\n\n\n\n<p>O acusado era procurado por ter cometido o crime de feminic\u00eddio, que teve como v\u00edtima uma mulher identificada como Maria Jos\u00e9 da Silva, de 47 anos de idade..<\/p>\n\n\n\n<p>O crime aconteceu no dia 2 de julho de 2020, no Conjunto Village 2, em Macei\u00f3.<\/p>\n\n\n\n<p>O corpo da v\u00edtima foi encontrado, enterrado em uma cova rasa no bairro Cidade Universit\u00e1ria, parte alta de Macei\u00f3, apresentando v\u00e1rias les\u00f5es na regi\u00e3o da cabe\u00e7a.<\/p>\n\n\n\n<p>Familiares de Maria Jos\u00e9 relataram que ela estava desaparecida desde o dia 30 de junho.<\/p>\n\n\n\n<p>O acusado foi encontrado no Povoado Mar Vermelho, na cidade de Girau de Ponciano, na regi\u00e3o do Agreste alagoano.<\/p>\n\n\n\n<p>O N\u00facleo de Intelig\u00eancia da Delegacia de Homic\u00eddios, assim como o Laborat\u00f3rio de Opera\u00e7\u00f5es Cibern\u00e9ticas (CGCCO\/DIOP \/SEOPI), do Minist\u00e9rio da Justi\u00e7a e Seguran\u00e7a Publica, auxiliaram na localiza\u00e7\u00e3o do acusado.<\/p>\n\n\n\n<p>Assessoria<\/p>\n","protected":false},"excerpt":{"rendered":"<p>Um homem de 53 anos foi preso na manh\u00e3 deste domingo (4) pela Delegacia de Homic\u00eddios e<\/p>\n","protected":false},"author":1,"featured_media":11414,"comment_status":"open","ping_status":"open","sticky":false,"template":"","format":"standard","meta":{"footnotes":""},"categories":[11],"tags":[],"class_list":["post-12748","post","type-post","status-publish","format-standard","has-post-thumbnail","hentry","category-policia"],"_links":{"self":[{"href":"https:\/\/4cantosalagoas.com.br\/portal\/wp-json\/wp\/v2\/posts\/12748","targetHints":{"allow":["GET"]}}],"collection":[{"href":"https:\/\/4cantosalagoas.com.br\/portal\/wp-json\/wp\/v2\/posts"}],"about":[{"href":"https:\/\/4cantosalagoas.com.br\/portal\/wp-json\/wp\/v2\/types\/post"}],"author":[{"embeddable":true,"href":"https:\/\/4cantosalagoas.com.br\/portal\/wp-json\/wp\/v2\/users\/1"}],"replies":[{"embeddable":true,"href":"https:\/\/4cantosalagoas.com.br\/portal\/wp-json\/wp\/v2\/comments?post=12748"}],"version-history":[{"count":1,"href":"https:\/\/4cantosalagoas.com.br\/portal\/wp-json\/wp\/v2\/posts\/12748\/revisions"}],"predecessor-version":[{"id":12749,"href":"https:\/\/4cantosalagoas.com.br\/portal\/wp-json\/wp\/v2\/posts\/12748\/revisions\/12749"}],"wp:featuredmedia":[{"embeddable":true,"href":"https:\/\/4cantosalagoas.com.br\/portal\/wp-json\/wp\/v2\/media\/11414"}],"wp:attachment":[{"href":"https:\/\/4cantosalagoas.com.br\/portal\/wp-json\/wp\/v2\/media?parent=12748"}],"wp:term":[{"taxonomy":"category","embeddable":true,"href":"https:\/\/4cantosalagoas.com.br\/portal\/wp-json\/wp\/v2\/categories?post=12748"},{"taxonomy":"post_tag","embeddable":true,"href":"https:\/\/4cantosalagoas.com.br\/portal\/wp-json\/wp\/v2\/tags?post=12748"}],"curies":[{"name":"wp","href":"https:\/\/api.w.org\/{rel}","templated":true}]}}