{"id":12745,"date":"2020-10-05T18:18:07","date_gmt":"2020-10-05T21:18:07","guid":{"rendered":"http:\/\/4cantosalagoas.com.br\/portal\/?p=12745"},"modified":"2020-10-05T18:18:10","modified_gmt":"2020-10-05T21:18:10","slug":"tjal-sai-na-frente-com-uso-do-aplicativo-iacordo","status":"publish","type":"post","link":"https:\/\/4cantosalagoas.com.br\/portal\/tjal-sai-na-frente-com-uso-do-aplicativo-iacordo\/","title":{"rendered":"TJAL sai na frente com uso do aplicativo iAcordo"},"content":{"rendered":"\n<figure class=\"wp-block-image\"><img fetchpriority=\"high\" decoding=\"async\" width=\"900\" height=\"600\" src=\"http:\/\/4cantosalagoas.com.br\/portal\/wp-content\/uploads\/2020\/10\/tuti.jpg\" alt=\"\" class=\"wp-image-12746\" srcset=\"https:\/\/4cantosalagoas.com.br\/portal\/wp-content\/uploads\/2020\/10\/tuti.jpg 900w, https:\/\/4cantosalagoas.com.br\/portal\/wp-content\/uploads\/2020\/10\/tuti-300x200.jpg 300w, https:\/\/4cantosalagoas.com.br\/portal\/wp-content\/uploads\/2020\/10\/tuti-768x512.jpg 768w\" sizes=\"(max-width: 900px) 100vw, 900px\" \/><figcaption> <br>Presidente Tutm\u00e9s Airan discutiu as funcionalidades do aplicativo, em reuni\u00e3o virtual nesta segunda (5). Foto: Caio Loureiro <\/figcaption><\/figure>\n\n\n\n<p>\n\nO presidente do Tribunal de Justi\u00e7a de Alagoas (TJAL), Tutm\u00e9s Airan, avalia que o Judici\u00e1rio estadual sai na frente com o uso do aplicativo&nbsp;<strong><a href=\"https:\/\/www.iacordo.com.br\/login\" target=\"_blank\" rel=\"noreferrer noopener\">iAcordo<\/a><\/strong>&nbsp;para a resolu\u00e7\u00e3o on-line de conflitos. A ferramenta, segundo o desembargador, \u00e9 mais um instrumento voltado para a consolida\u00e7\u00e3o da pol\u00edtica de media\u00e7\u00e3o e concilia\u00e7\u00e3o do TJAL.<br>&#8220;Essa \u00e9 uma ideia in\u00e9dita, que muito nos orgulha. A plataforma foi projetada para aproveitar a m\u00e3o de obra dos oficiais de justi\u00e7a, que tamb\u00e9m poder\u00e3o atuar como mediadores e conciliadores&#8221;, destacou Tutm\u00e9s Airan, que discutiu as funcionalidades do aplicativo em reuni\u00e3o nesta segunda-feira (5).<br>Para o desembargador, o empenho dos oficiais ser\u00e1 fundamental para o sucesso do projeto. &#8220;\u00c9 o oficial de justi\u00e7a que faz com que as partes se interliguem. Nesse momento, ele pode funcionar como um instrumento de pacifica\u00e7\u00e3o. Se ele conseguir, a consequ\u00eancia \u00e9 que o processo praticamente nem nas\u00e7a&#8221;.<br>De acordo com Eduardo Brasil D&#8217;\u00c1vila, diretor da empresa Desenvolvimento de Solu\u00e7\u00f5es Online de Resolu\u00e7\u00e3o de Conflitos Ltda., respons\u00e1vel pelo iAcordo, o aplicativo vai trazer benef\u00edcios \u00e0s partes. &#8220;A ideia da plataforma nasceu em 2016, quando a gente percebeu que podia contribuir para unir as partes dentro de um processo de pacifica\u00e7\u00e3o e que a gente poderia faz\u00ea-lo com comodidade e celeridade&#8221;.<br>O coordenador da Central de Mandados de Macei\u00f3, Gustavo Mac\u00eado, afirmou que os oficiais de justi\u00e7a trabalhar\u00e3o &#8220;a pleno vapor&#8221; para auxiliar nas media\u00e7\u00f5es e concilia\u00e7\u00f5es. &#8220;Vamos chegar para somar nessa luta&#8221;.<br>O coordenador do N\u00facleo Permanente de M\u00e9todos Consensuais de Solu\u00e7\u00e3o de Conflitos (Nupemec), juiz Jos\u00e9 Miranda, ressaltou que apenas os oficiais que fizeram curso poder\u00e3o atuar como mediadores e conciliadores. &#8220;Sem curso n\u00e3o h\u00e1 validade, \u00e9 o que determina resolu\u00e7\u00e3o do Conselho Nacional de Justi\u00e7a. Vamos conversar com a Escola da Magistratura para que novos cursos ocorram&#8221;.<br><strong>Diego Silveira &#8211; Dicom TJAL<\/strong><\/p>\n","protected":false},"excerpt":{"rendered":"<p>O presidente do Tribunal de Justi\u00e7a de Alagoas (TJAL), Tutm\u00e9s Airan, avalia que o Judici\u00e1rio estadual sai<\/p>\n","protected":false},"author":1,"featured_media":12746,"comment_status":"open","ping_status":"open","sticky":false,"template":"","format":"standard","meta":{"footnotes":""},"categories":[4],"tags":[],"class_list":["post-12745","post","type-post","status-publish","format-standard","has-post-thumbnail","hentry","category-noticias"],"_links":{"self":[{"href":"https:\/\/4cantosalagoas.com.br\/portal\/wp-json\/wp\/v2\/posts\/12745","targetHints":{"allow":["GET"]}}],"collection":[{"href":"https:\/\/4cantosalagoas.com.br\/portal\/wp-json\/wp\/v2\/posts"}],"about":[{"href":"https:\/\/4cantosalagoas.com.br\/portal\/wp-json\/wp\/v2\/types\/post"}],"author":[{"embeddable":true,"href":"https:\/\/4cantosalagoas.com.br\/portal\/wp-json\/wp\/v2\/users\/1"}],"replies":[{"embeddable":true,"href":"https:\/\/4cantosalagoas.com.br\/portal\/wp-json\/wp\/v2\/comments?post=12745"}],"version-history":[{"count":1,"href":"https:\/\/4cantosalagoas.com.br\/portal\/wp-json\/wp\/v2\/posts\/12745\/revisions"}],"predecessor-version":[{"id":12747,"href":"https:\/\/4cantosalagoas.com.br\/portal\/wp-json\/wp\/v2\/posts\/12745\/revisions\/12747"}],"wp:featuredmedia":[{"embeddable":true,"href":"https:\/\/4cantosalagoas.com.br\/portal\/wp-json\/wp\/v2\/media\/12746"}],"wp:attachment":[{"href":"https:\/\/4cantosalagoas.com.br\/portal\/wp-json\/wp\/v2\/media?parent=12745"}],"wp:term":[{"taxonomy":"category","embeddable":true,"href":"https:\/\/4cantosalagoas.com.br\/portal\/wp-json\/wp\/v2\/categories?post=12745"},{"taxonomy":"post_tag","embeddable":true,"href":"https:\/\/4cantosalagoas.com.br\/portal\/wp-json\/wp\/v2\/tags?post=12745"}],"curies":[{"name":"wp","href":"https:\/\/api.w.org\/{rel}","templated":true}]}}