{"id":12710,"date":"2020-10-01T06:58:27","date_gmt":"2020-10-01T09:58:27","guid":{"rendered":"http:\/\/4cantosalagoas.com.br\/portal\/?p=12710"},"modified":"2020-10-01T06:58:44","modified_gmt":"2020-10-01T09:58:44","slug":"retorno-dos-consumidores-faz-confianca-dos-empresarios-aumentar","status":"publish","type":"post","link":"https:\/\/4cantosalagoas.com.br\/portal\/retorno-dos-consumidores-faz-confianca-dos-empresarios-aumentar\/","title":{"rendered":"Retorno dos consumidores faz confian\u00e7a dos empres\u00e1rios aumentar"},"content":{"rendered":"\n<figure class=\"wp-block-image\"><img fetchpriority=\"high\" decoding=\"async\" width=\"600\" height=\"450\" src=\"http:\/\/4cantosalagoas.com.br\/portal\/wp-content\/uploads\/2018\/05\/serr4.jpg\" alt=\"\" class=\"wp-image-3363\" srcset=\"https:\/\/4cantosalagoas.com.br\/portal\/wp-content\/uploads\/2018\/05\/serr4.jpg 600w, https:\/\/4cantosalagoas.com.br\/portal\/wp-content\/uploads\/2018\/05\/serr4-300x225.jpg 300w, https:\/\/4cantosalagoas.com.br\/portal\/wp-content\/uploads\/2018\/05\/serr4-375x281.jpg 375w, https:\/\/4cantosalagoas.com.br\/portal\/wp-content\/uploads\/2018\/05\/serr4-465x349.jpg 465w\" sizes=\"(max-width: 600px) 100vw, 600px\" \/><figcaption>Fecom\u00e9rcio AL (@FecomercioAL) | Twitter<\/figcaption><\/figure>\n\n\n\n<p>Com a retomada das atividades econ\u00f4micas e a volta, ainda que em menor ritmo, dos consumidores, a pesquisa de \u00cdndice de Confian\u00e7a do Empres\u00e1rio do Com\u00e9rcio (ICEC) realizada em Macei\u00f3 demonstra um aumento de 21,1% no \u00e2nimo do empresariado, em agosto. O estudo foi desenvolvido pelo Instituto Fecom\u00e9rcio AL em parceria com a Confedera\u00e7\u00e3o Nacional do Com\u00e9rcio de Bens, Servi\u00e7os e Turismo (CNC).<\/p>\n\n\n\n<p>Embora a varia\u00e7\u00e3o mensal tenha sido boa, em termos anuais a confian\u00e7a est\u00e1 23,9% mais baixa. Segundo o assessor econ\u00f4mico da Federa\u00e7\u00e3o do Com\u00e9rcio de Bens, Servi\u00e7os e Turismo do Estado de Alagoas (Fecom\u00e9rcio AL), Felippe Rocha, o otimismo de agosto se deve \u00e0 melhora das condi\u00e7\u00f5es de curt\u00edssimo prazo, curto prazo e nos investimentos at\u00e9 o final do ano. \u201cNa primeira situa\u00e7\u00e3o, temos um crescimento de 26,6%, cabendo destaque para uma melhora de 53,8% sobre as condi\u00e7\u00f5es econ\u00f4micas\u201d, observa. Avaliando o cen\u00e1rio, o economista ressalta que o boletim divulgado pela Secretaria da Fazenda do Estado de Alagoas (Sefaz AL) aponta uma alta de 16% na atividade econ\u00f4mica, com alta de 9% no varejo, \u201cque deve ser explicada pela reabertura dos neg\u00f3cios, dos consumidores retornando \u00e0 rotina de consumo e pelo adicional de R$ 1.045,00 do FGTS\u201d.<\/p>\n\n\n\n<p>No curto prazo, ou seja, nas expectativas econ\u00f4micas at\u00e9 o final do ano, houve eleva\u00e7\u00e3o de 22,9%, cabendo destaque para a percep\u00e7\u00e3o do empres\u00e1rio de melhora da economia brasileira em 29,9%. \u201cIsso se deve a recupera\u00e7\u00e3o mensal apresentada desde julho no pa\u00eds\u201d, pondera Felippe.<\/p>\n\n\n\n<p>Em rela\u00e7\u00e3o aos os investimentos, houve alta de 14,8% na varia\u00e7\u00e3o mensal, com eleva\u00e7\u00e3o expressiva de 31% na inten\u00e7\u00e3o de contratar novos funcion\u00e1rios. \u201cComo no per\u00edodo de agosto a dezembro teremos pelo menos quatro datas comemorativas, a contrata\u00e7\u00e3o de tempor\u00e1rios aparenta vigor e aponta grandes chances de que tempor\u00e1rios se tornem efetivos, diante da melhora da economia at\u00e9 o final do ano e da recupera\u00e7\u00e3o em 2021\u201d, analisa o economista.<\/p>\n\n\n\n<p>Relat\u00f3rio completo disponibilizado no site do\u00a0<a rel=\"noreferrer noopener\" href=\"http:\/\/www.fecomercio-al.com.br\/instituto\" target=\"_blank\">Instituto Fecom\u00e9rcio AL<\/a>.<\/p>\n\n\n\n<p>Assessoria<\/p>\n","protected":false},"excerpt":{"rendered":"<p>Com a retomada das atividades econ\u00f4micas e a volta, ainda que em menor ritmo, dos consumidores, a<\/p>\n","protected":false},"author":1,"featured_media":3363,"comment_status":"open","ping_status":"open","sticky":false,"template":"","format":"standard","meta":{"footnotes":""},"categories":[60],"tags":[],"class_list":["post-12710","post","type-post","status-publish","format-standard","has-post-thumbnail","hentry","category-capa"],"_links":{"self":[{"href":"https:\/\/4cantosalagoas.com.br\/portal\/wp-json\/wp\/v2\/posts\/12710","targetHints":{"allow":["GET"]}}],"collection":[{"href":"https:\/\/4cantosalagoas.com.br\/portal\/wp-json\/wp\/v2\/posts"}],"about":[{"href":"https:\/\/4cantosalagoas.com.br\/portal\/wp-json\/wp\/v2\/types\/post"}],"author":[{"embeddable":true,"href":"https:\/\/4cantosalagoas.com.br\/portal\/wp-json\/wp\/v2\/users\/1"}],"replies":[{"embeddable":true,"href":"https:\/\/4cantosalagoas.com.br\/portal\/wp-json\/wp\/v2\/comments?post=12710"}],"version-history":[{"count":1,"href":"https:\/\/4cantosalagoas.com.br\/portal\/wp-json\/wp\/v2\/posts\/12710\/revisions"}],"predecessor-version":[{"id":12711,"href":"https:\/\/4cantosalagoas.com.br\/portal\/wp-json\/wp\/v2\/posts\/12710\/revisions\/12711"}],"wp:featuredmedia":[{"embeddable":true,"href":"https:\/\/4cantosalagoas.com.br\/portal\/wp-json\/wp\/v2\/media\/3363"}],"wp:attachment":[{"href":"https:\/\/4cantosalagoas.com.br\/portal\/wp-json\/wp\/v2\/media?parent=12710"}],"wp:term":[{"taxonomy":"category","embeddable":true,"href":"https:\/\/4cantosalagoas.com.br\/portal\/wp-json\/wp\/v2\/categories?post=12710"},{"taxonomy":"post_tag","embeddable":true,"href":"https:\/\/4cantosalagoas.com.br\/portal\/wp-json\/wp\/v2\/tags?post=12710"}],"curies":[{"name":"wp","href":"https:\/\/api.w.org\/{rel}","templated":true}]}}