{"id":12688,"date":"2020-09-30T06:35:40","date_gmt":"2020-09-30T09:35:40","guid":{"rendered":"http:\/\/4cantosalagoas.com.br\/portal\/?p=12688"},"modified":"2020-09-30T06:35:46","modified_gmt":"2020-09-30T09:35:46","slug":"presos-irmaos-acusados-de-homicidio-no-pilar","status":"publish","type":"post","link":"https:\/\/4cantosalagoas.com.br\/portal\/presos-irmaos-acusados-de-homicidio-no-pilar\/","title":{"rendered":"Presos irm\u00e3os acusados de homic\u00eddio no Pilar"},"content":{"rendered":"\n<figure class=\"wp-block-image\"><img fetchpriority=\"high\" decoding=\"async\" width=\"750\" height=\"500\" src=\"http:\/\/4cantosalagoas.com.br\/portal\/wp-content\/uploads\/2020\/09\/abpx.jpg\" alt=\"\" class=\"wp-image-12689\" srcset=\"https:\/\/4cantosalagoas.com.br\/portal\/wp-content\/uploads\/2020\/09\/abpx.jpg 750w, https:\/\/4cantosalagoas.com.br\/portal\/wp-content\/uploads\/2020\/09\/abpx-300x200.jpg 300w\" sizes=\"(max-width: 750px) 100vw, 750px\" \/><figcaption>Assessoria<\/figcaption><\/figure>\n\n\n\n<p>Foram presos, na manh\u00e3 desta ter\u00e7a-feira (29, dois irm\u00e3os acusados de envolvimento em um homic\u00eddio na cidade do Pilar. Os jovens de 20 e 24 anos s\u00e3o suspeitos de terem matado o namorado de uma outra irm\u00e3, crime ocorrido em 23 de mar\u00e7o deste ano.<br><br>A v\u00edtima do homic\u00eddio foi o adolescente Jonas Ezequiel Ferreira dos Santos, de 17 anos, morto com disparos de arma de fogo, na Ch\u00e3&nbsp;do Pilar. \u201cA v\u00edtima estava caminhando por uma rua quando foi atingida pelos tiros deflagrados por dois jovens que estavam em uma bicicleta\u201d, ressaltou o delegado do Pilar, Sidney Ten\u00f3rio.<br><br>Segundo as investiga\u00e7\u00f5es, os dois irm\u00e3os n\u00e3o queriam o relacionamento da v\u00edtima com uma irm\u00e3 deles, de 16 anos. Os jovens teriam, inclusive, tentado contra a vida de Jonas Ezequiel uma primeira vez, mas ele&nbsp;sobreviveu aos disparos.<br><br>\u201cOs dois irm\u00e3os chegaram a ser procurados na zona rural em uma a\u00e7\u00e3o que contou com apoio do helic\u00f3ptero, mas escaparam. Em seguida, acabaram sendo apresentados por advogado e dado cumprimento ao mandado de pris\u00e3o\u201d, explicou o delegado.<\/p>\n\n\n\n<p><br>Os jovens foram denunciados por homic\u00eddio qualificado e seguem respondendo ao processo presos.<\/p>\n\n\n\n<p>Assessoria<\/p>\n","protected":false},"excerpt":{"rendered":"<p>Foram presos, na manh\u00e3 desta ter\u00e7a-feira (29, dois irm\u00e3os acusados de envolvimento em um homic\u00eddio na cidade<\/p>\n","protected":false},"author":1,"featured_media":12689,"comment_status":"open","ping_status":"open","sticky":false,"template":"","format":"standard","meta":{"footnotes":""},"categories":[60],"tags":[],"class_list":["post-12688","post","type-post","status-publish","format-standard","has-post-thumbnail","hentry","category-capa"],"_links":{"self":[{"href":"https:\/\/4cantosalagoas.com.br\/portal\/wp-json\/wp\/v2\/posts\/12688","targetHints":{"allow":["GET"]}}],"collection":[{"href":"https:\/\/4cantosalagoas.com.br\/portal\/wp-json\/wp\/v2\/posts"}],"about":[{"href":"https:\/\/4cantosalagoas.com.br\/portal\/wp-json\/wp\/v2\/types\/post"}],"author":[{"embeddable":true,"href":"https:\/\/4cantosalagoas.com.br\/portal\/wp-json\/wp\/v2\/users\/1"}],"replies":[{"embeddable":true,"href":"https:\/\/4cantosalagoas.com.br\/portal\/wp-json\/wp\/v2\/comments?post=12688"}],"version-history":[{"count":1,"href":"https:\/\/4cantosalagoas.com.br\/portal\/wp-json\/wp\/v2\/posts\/12688\/revisions"}],"predecessor-version":[{"id":12690,"href":"https:\/\/4cantosalagoas.com.br\/portal\/wp-json\/wp\/v2\/posts\/12688\/revisions\/12690"}],"wp:featuredmedia":[{"embeddable":true,"href":"https:\/\/4cantosalagoas.com.br\/portal\/wp-json\/wp\/v2\/media\/12689"}],"wp:attachment":[{"href":"https:\/\/4cantosalagoas.com.br\/portal\/wp-json\/wp\/v2\/media?parent=12688"}],"wp:term":[{"taxonomy":"category","embeddable":true,"href":"https:\/\/4cantosalagoas.com.br\/portal\/wp-json\/wp\/v2\/categories?post=12688"},{"taxonomy":"post_tag","embeddable":true,"href":"https:\/\/4cantosalagoas.com.br\/portal\/wp-json\/wp\/v2\/tags?post=12688"}],"curies":[{"name":"wp","href":"https:\/\/api.w.org\/{rel}","templated":true}]}}