{"id":12633,"date":"2020-09-22T18:54:13","date_gmt":"2020-09-22T21:54:13","guid":{"rendered":"http:\/\/4cantosalagoas.com.br\/portal\/?p=12633"},"modified":"2020-09-22T18:54:18","modified_gmt":"2020-09-22T21:54:18","slug":"policia-civil-apreende-menor-por-ato-infracional-de-homicidio-contra-adolescente-em-jacare-dos-homens","status":"publish","type":"post","link":"https:\/\/4cantosalagoas.com.br\/portal\/policia-civil-apreende-menor-por-ato-infracional-de-homicidio-contra-adolescente-em-jacare-dos-homens\/","title":{"rendered":"Pol\u00edcia Civil apreende menor por ato infracional de homic\u00eddio contra adolescente em Jacar\u00e9 dos Homens"},"content":{"rendered":"\n<figure class=\"wp-block-image\"><img fetchpriority=\"high\" decoding=\"async\" width=\"750\" height=\"500\" src=\"http:\/\/4cantosalagoas.com.br\/portal\/wp-content\/uploads\/2020\/09\/foto_de_material_de_batlha_-_capa_kYSMXOa.thumbnail.jpg\" alt=\"\" class=\"wp-image-12634\" srcset=\"https:\/\/4cantosalagoas.com.br\/portal\/wp-content\/uploads\/2020\/09\/foto_de_material_de_batlha_-_capa_kYSMXOa.thumbnail.jpg 750w, https:\/\/4cantosalagoas.com.br\/portal\/wp-content\/uploads\/2020\/09\/foto_de_material_de_batlha_-_capa_kYSMXOa.thumbnail-300x200.jpg 300w\" sizes=\"(max-width: 750px) 100vw, 750px\" \/><figcaption>Assessoria<\/figcaption><\/figure>\n\n\n\n<p>O menor que participou do ato infracional de homic\u00eddio contra um adolescente de 14 anos, no munic\u00edpio de Jacar\u00e9 dos Homens, foi apreendido nessa segunda-feira (21). A morte do jovem teve bastante repercuss\u00e3o no Sert\u00e3o de Alagoas. Ele residia em Jacar\u00e9 dos Homens e foi visto pela \u00faltima vez na cidade de Monteir\u00f3polis no dia&nbsp;28 de junho deste ano.<\/p>\n\n\n\n<p>O cumprimento do mandado de Apreens\u00e3o de Menor Infrator foi efetivado pelos delegados Carlos Reis, gerente de Pol\u00edcia Judici\u00e1ria da Regi\u00e3o 4 (GPJ 4) e &nbsp;Valter Nascimento, titular da Delegacia Regional de Batalha (3\u00aa DRP).<\/p>\n\n\n\n<p>De acordo com o delegado Valter Nascimento, que presidiu o inqu\u00e9rito policial, a Pol\u00edcia Civil conseguiu desvendar o mist\u00e9rio envolvendo o caso. Segundo apurado pela investiga\u00e7\u00e3o, a v\u00edtima, no dia do fato, \u00e0 noite, se encontrava na companhia de dois amigos que tamb\u00e9m residem em Jacar\u00e9 dos Homens, sendo um maior e outro menor de idade, oportunidade em que decidiram ir \u00e0 cidade de Monteir\u00f3polis para fazerem um lanche e ainda adquirirem droga para uso pr\u00f3prio. Ap\u00f3s isso, o autor menor de idade e o co-autor, este de maior idade, persuadiram a v\u00edtima a se deslocarem at\u00e9 a localidade denominada Fazenda Massap\u00ea, na chamada Estrada de Oliven\u00e7a, Zona Rural de Jacar\u00e9 dos Homens, onde ali passariam a usar a droga adquirida. Eles pararam em frente a uma casa abandonada existente naquela localidade e assim a v\u00edtima passou a usar droga.<\/p>\n\n\n\n<p>\u201cO menor, que havia premeditado o ato infracional, levando inclusive as armas consigo, valendo-se da vulnerabilidade da v\u00edtima, que a essa altura estava debru\u00e7ada sobre o cap\u00f4 do carro inalando droga, usando uma marreta, por tr\u00e1s, o executou inicialmente desferindo golpes na sua nuca e depois, usando uma faca peixeira e um cotelo, aplicou-lhe in\u00fameras facadas em seu t\u00f3rax, causando ferimentos mortais\u201d, detalhou o delegado Regional. &nbsp;<\/p>\n\n\n\n<p>A autoridade policial disse ainda que, ap\u00f3s isso, o menor Junto com o co-autor maior de idade carregaram o corpo, passaram por um cercado de arame farpado, arrastaram o corpo por cerca de 50 metros, passando por dentro de uma casa abandonada e o atiraram numa cisterna. Depois foram lavar o sangue da v\u00edtima nas \u00e1guas do a\u00e7ude Capil\u00e9, na entrada da cidade de Jacar\u00e9 dos Homens, local onde atiraram as armas usadas no cometimento do ato delituoso.<\/p>\n\n\n\n<p>A Pol\u00edcia Civil desvendou o crime, as armas recuperadas e apreendidas, os autos conclu\u00eddos com representa\u00e7\u00e3o de pris\u00e3o e apreens\u00e3o dos autores. Para a localiza\u00e7\u00e3o dos instrumentos utilizados no crime, o delegado Regional de Batalha solicitou o apoio de margulhaores do Corpo de Bombeiros Militar de Alagoas.<\/p>\n\n\n\n<p>O delegado Valter narrou que o motivo do assassinato do adolescente foi em virtude de &nbsp;supostas amea\u00e7as cometidas pela v\u00edtima por causa de d\u00edvidas contra\u00eddas junto a traficantes, e para impedir que ele delatasse um suposto furto de uma motocicleta que teria sido furtada pelos autores.<\/p>\n\n\n\n<p>O menor apreendido dever\u00e1 ser recolhido na Unidade de Interna\u00e7\u00e3o Masculina (UIM) de Macei\u00f3. O co-autor, maior de idade, ainda n\u00e3o foi localizado e \u00e9 considerado foragido pela Pol\u00edcia Civil alagoana que continua com o trabalho visando efetivar sua pris\u00e3o.<\/p>\n\n\n\n<p>Assessoria<\/p>\n","protected":false},"excerpt":{"rendered":"<p>O menor que participou do ato infracional de homic\u00eddio contra um adolescente de 14 anos, no munic\u00edpio<\/p>\n","protected":false},"author":1,"featured_media":12634,"comment_status":"open","ping_status":"open","sticky":false,"template":"","format":"standard","meta":{"footnotes":""},"categories":[11],"tags":[],"class_list":["post-12633","post","type-post","status-publish","format-standard","has-post-thumbnail","hentry","category-policia"],"_links":{"self":[{"href":"https:\/\/4cantosalagoas.com.br\/portal\/wp-json\/wp\/v2\/posts\/12633","targetHints":{"allow":["GET"]}}],"collection":[{"href":"https:\/\/4cantosalagoas.com.br\/portal\/wp-json\/wp\/v2\/posts"}],"about":[{"href":"https:\/\/4cantosalagoas.com.br\/portal\/wp-json\/wp\/v2\/types\/post"}],"author":[{"embeddable":true,"href":"https:\/\/4cantosalagoas.com.br\/portal\/wp-json\/wp\/v2\/users\/1"}],"replies":[{"embeddable":true,"href":"https:\/\/4cantosalagoas.com.br\/portal\/wp-json\/wp\/v2\/comments?post=12633"}],"version-history":[{"count":1,"href":"https:\/\/4cantosalagoas.com.br\/portal\/wp-json\/wp\/v2\/posts\/12633\/revisions"}],"predecessor-version":[{"id":12635,"href":"https:\/\/4cantosalagoas.com.br\/portal\/wp-json\/wp\/v2\/posts\/12633\/revisions\/12635"}],"wp:featuredmedia":[{"embeddable":true,"href":"https:\/\/4cantosalagoas.com.br\/portal\/wp-json\/wp\/v2\/media\/12634"}],"wp:attachment":[{"href":"https:\/\/4cantosalagoas.com.br\/portal\/wp-json\/wp\/v2\/media?parent=12633"}],"wp:term":[{"taxonomy":"category","embeddable":true,"href":"https:\/\/4cantosalagoas.com.br\/portal\/wp-json\/wp\/v2\/categories?post=12633"},{"taxonomy":"post_tag","embeddable":true,"href":"https:\/\/4cantosalagoas.com.br\/portal\/wp-json\/wp\/v2\/tags?post=12633"}],"curies":[{"name":"wp","href":"https:\/\/api.w.org\/{rel}","templated":true}]}}