{"id":12605,"date":"2020-09-21T07:52:47","date_gmt":"2020-09-21T10:52:47","guid":{"rendered":"http:\/\/4cantosalagoas.com.br\/portal\/?p=12605"},"modified":"2020-09-22T08:41:34","modified_gmt":"2020-09-22T11:41:34","slug":"tempo-seco-no-ultimo-final-de-semana-do-inverno-primavera-comeca-nesta-terca-feira-22-em-alagoas","status":"publish","type":"post","link":"https:\/\/4cantosalagoas.com.br\/portal\/tempo-seco-no-ultimo-final-de-semana-do-inverno-primavera-comeca-nesta-terca-feira-22-em-alagoas\/","title":{"rendered":"Tempo seco no \u00faltimo final de semana do Inverno; Primavera come\u00e7a nesta ter\u00e7a-feira (22) em Alagoas"},"content":{"rendered":"\n<figure class=\"wp-block-image\"><img fetchpriority=\"high\" decoding=\"async\" width=\"438\" height=\"486\" src=\"http:\/\/4cantosalagoas.com.br\/portal\/wp-content\/uploads\/2020\/09\/pri.jpg\" alt=\"\" class=\"wp-image-12606\" srcset=\"https:\/\/4cantosalagoas.com.br\/portal\/wp-content\/uploads\/2020\/09\/pri.jpg 438w, https:\/\/4cantosalagoas.com.br\/portal\/wp-content\/uploads\/2020\/09\/pri-270x300.jpg 270w\" sizes=\"(max-width: 438px) 100vw, 438px\" \/><figcaption>Assessoria<\/figcaption><\/figure>\n\n\n\n<p>\n\nO calor predomina no fim de semana que antecipa a chegada da primavera. Segundo a previs\u00e3o do tempo divulgada pela Sala de Alerta da Secretaria de Estado do Meio Ambiente e dos Recursos H\u00eddricos (Semarh), nesta sexta-feira (18) o tempo tende a ficar seco e com sol entre poucas nuvens em boa parte do estado.<\/p>\n\n\n\n<p>Ainda na sexta-feira (18) e no s\u00e1bado (19), nebulosidade vari\u00e1vel com possibilidade de chuva durante a manh\u00e3 em Macei\u00f3, Litoral e Zona da Mata. O sol deve se manter firme durante o dia em todas as regi\u00f5es. No Sert\u00e3o, as temperaturas atingem a m\u00ednima de 23\u00b0C e temperatura m\u00e1xima de 33\u00b0C. Em Macei\u00f3, 25\u00b0C e 30\u00b0C.<\/p>\n\n\n\n<p>Para o domingo (20), sol entre poucas nuvens e todas as regi\u00f5es de Alagoas. No Agreste, os term\u00f4metros variam entre 22\u00b0C e 32\u00b0C, no Baixo S\u00e3o Francisco, 25\u00b0C e 30\u00b0C, e no Sert\u00e3o do S\u00e3o Francisco, 21\u00b0C e 34\u00b0C.<\/p>\n\n\n\n<p>Segundo o Meteorologista da Sala de Alerta da Semarh, Vinicius Pinho, a primavera possui algumas caracter\u00edsticas espec\u00edficas aqui em Alagoas. \u201cNo in\u00edcio da primavera, estamos numa fase de transi\u00e7\u00e3o do per\u00edodo chuvoso para o per\u00edodo seco, o que explica as chuvas r\u00e1pidas, principalmente durante as manh\u00e3 e madrugadas. Al\u00e9m do aumento gradual da temperatura, principalmente das m\u00e1ximas, \u00edndices ultravioletas elevados e mudan\u00e7a da dire\u00e7\u00e3o dos ventos\u201d, contextualiza.<\/p>\n\n\n\n<p>Ainda segundo Pinho, em Alagoas com o in\u00edcio da primavera, as chuvas tendem a diminuir, e ocorre uma mudan\u00e7a no regime de ventos, que antes passava de leste a sudeste e agora, passa a ser de nordeste: um vento mais intenso, forte, quente e mais seco.<\/p>\n\n\n\n<p>\u201cEsses ventos tem caracter\u00edsticas mais intensas, quente, dando uma sensa\u00e7\u00e3o de abafamento. Aqui na Sala de Alerta, neste per\u00edodo, \u00e9 comum a emiss\u00e3o de avisos meteorol\u00f3gicos decorrentes desse fen\u00f4meno, que, geralmente, provoca alguns transtornos, como quedas de \u00e1rvores e engarrafamentos urbanos\u201d, conclui.<\/p>\n\n\n\n<p>A previs\u00e3o do tempo pode ser conferida diariamente em&nbsp;<a rel=\"noreferrer noopener\" href=\"http:\/\/www.semarh.al.gov.br\/tempo-e-clima\/previsao\" target=\"_blank\">http:\/\/www.semarh.al.gov.br\/tempo-e-clima\/previsao<\/a>, bem como no aplicativo \u201cSemarh Tempo Alagoas\u201d, dispon\u00edvel para a plataforma android. <\/p>\n\n\n\n<p>Assessoria<\/p>\n","protected":false},"excerpt":{"rendered":"<p>O calor predomina no fim de semana que antecipa a chegada da primavera. Segundo a previs\u00e3o do<\/p>\n","protected":false},"author":1,"featured_media":12606,"comment_status":"open","ping_status":"open","sticky":false,"template":"","format":"standard","meta":{"footnotes":""},"categories":[4],"tags":[],"class_list":["post-12605","post","type-post","status-publish","format-standard","has-post-thumbnail","hentry","category-noticias"],"_links":{"self":[{"href":"https:\/\/4cantosalagoas.com.br\/portal\/wp-json\/wp\/v2\/posts\/12605","targetHints":{"allow":["GET"]}}],"collection":[{"href":"https:\/\/4cantosalagoas.com.br\/portal\/wp-json\/wp\/v2\/posts"}],"about":[{"href":"https:\/\/4cantosalagoas.com.br\/portal\/wp-json\/wp\/v2\/types\/post"}],"author":[{"embeddable":true,"href":"https:\/\/4cantosalagoas.com.br\/portal\/wp-json\/wp\/v2\/users\/1"}],"replies":[{"embeddable":true,"href":"https:\/\/4cantosalagoas.com.br\/portal\/wp-json\/wp\/v2\/comments?post=12605"}],"version-history":[{"count":2,"href":"https:\/\/4cantosalagoas.com.br\/portal\/wp-json\/wp\/v2\/posts\/12605\/revisions"}],"predecessor-version":[{"id":12629,"href":"https:\/\/4cantosalagoas.com.br\/portal\/wp-json\/wp\/v2\/posts\/12605\/revisions\/12629"}],"wp:featuredmedia":[{"embeddable":true,"href":"https:\/\/4cantosalagoas.com.br\/portal\/wp-json\/wp\/v2\/media\/12606"}],"wp:attachment":[{"href":"https:\/\/4cantosalagoas.com.br\/portal\/wp-json\/wp\/v2\/media?parent=12605"}],"wp:term":[{"taxonomy":"category","embeddable":true,"href":"https:\/\/4cantosalagoas.com.br\/portal\/wp-json\/wp\/v2\/categories?post=12605"},{"taxonomy":"post_tag","embeddable":true,"href":"https:\/\/4cantosalagoas.com.br\/portal\/wp-json\/wp\/v2\/tags?post=12605"}],"curies":[{"name":"wp","href":"https:\/\/api.w.org\/{rel}","templated":true}]}}