{"id":12572,"date":"2020-09-17T06:39:08","date_gmt":"2020-09-17T09:39:08","guid":{"rendered":"http:\/\/4cantosalagoas.com.br\/portal\/?p=12572"},"modified":"2020-09-17T06:39:13","modified_gmt":"2020-09-17T09:39:13","slug":"deic-e-dhpp-prendem-em-satuba-al-militar-reformado-com-mandado-de-prisao-por-homicidio","status":"publish","type":"post","link":"https:\/\/4cantosalagoas.com.br\/portal\/deic-e-dhpp-prendem-em-satuba-al-militar-reformado-com-mandado-de-prisao-por-homicidio\/","title":{"rendered":"DEIC e DHPP prendem, em Satuba (AL), militar reformado com mandado de pris\u00e3o por homic\u00eddio"},"content":{"rendered":"\n<figure class=\"wp-block-image\"><img fetchpriority=\"high\" decoding=\"async\" width=\"750\" height=\"450\" src=\"http:\/\/4cantosalagoas.com.br\/portal\/wp-content\/uploads\/2020\/09\/Deic_banner_padr\u00e3o_novo.thumbnail.jpg\" alt=\"\" class=\"wp-image-12542\" srcset=\"https:\/\/4cantosalagoas.com.br\/portal\/wp-content\/uploads\/2020\/09\/Deic_banner_padr\u00e3o_novo.thumbnail.jpg 750w, https:\/\/4cantosalagoas.com.br\/portal\/wp-content\/uploads\/2020\/09\/Deic_banner_padr\u00e3o_novo.thumbnail-300x180.jpg 300w\" sizes=\"(max-width: 750px) 100vw, 750px\" \/><figcaption>Assessoria<\/figcaption><\/figure>\n\n\n\n<p>Uma opera\u00e7\u00e3o deflagrada pela Assessoria T\u00e9cnica de Intelig\u00eancia da Divis\u00e3o Espacial de Investiga\u00e7\u00f5es e Capturas (DEIC), em parceria com a 2\u00aa Delegacia de Homic\u00eddios e Prote\u00e7\u00e3o \u00e0 Pessoa (DHPP), por meio da 2\u00aa DHC, prendeu um policial militar reformado de 53 anos de idade, foragido da Justi\u00e7a, nesta ter\u00e7a-feira (15).<\/p>\n\n\n\n<p>O militar reformado tinha mandado de pris\u00e3o em aberto por homic\u00eddio, expedido pela 9\u00aa Vara Criminal da Capital (tribunal do J\u00fari), em 18 de agosto deste ano.<\/p>\n\n\n\n<p>De acordo com os delegados Gustavo Henrique (diretor da DEIC) e Bruno Em\u00edlio (titular da 2\u00aa DHC), o preso \u00e9 apontado como autor de diversos homic\u00eddios no bairro de Rio Novo, em Macei\u00f3, e entre as cidades de&nbsp;Satuba, Santa Luzia do Norte e Coqueiro Seco, na regi\u00e3o metropolitana da Capital alagoana.<\/p>\n\n\n\n<p>\u201cSegundo&nbsp;a investiga\u00e7\u00e3o do homic\u00eddio, que foi presidida pela 2\u00aa DHC, o PM em tela, em companhia de mais cinco indiv\u00edduos, todos integrantes de uma Organiza\u00e7\u00e3o Criminosa (ORCRIM) que comanda o tr\u00e1fico de drogas na regi\u00e3o, ceifaram a vida de Cliciano Pereira da Silva e tentaram contra a vida de outro homem, com a utiliza\u00e7\u00e3o de instrumentos p\u00e9rfuro-cortante e disparos de armas de fogo\u201d, revelou o delegado Gustavo Henrique.<\/p>\n\n\n\n<p>A autoridade policial relatou ainda que a motiva\u00e7\u00e3o do crime teria sido vingan\u00e7a, decorrente&nbsp;do assassinato de Adevan Brand\u00e3o da Costa, o qual teria sido praticado pelo genitor da v\u00edtima fatal e irm\u00e3o da v\u00edtima sobrevivente, pouco tempo antes. \u201cO policial militar em epigrafe, que foi preso por ter participado do delito em tela, possui extensa ficha criminal, possuindo antecedentes por porte ilegal de arma de fogo, tentativa de homic\u00eddio, o antigo crime de quadrilha e homic\u00eddio\u201d, frisou o diretor da DEIC.<\/p>\n\n\n\n<p>O delegado Bruno Em\u00edlio, da 2\u00aa DHC, ressaltou a import\u00e2ncia da pris\u00e3o, considerando que o crime foi praticado com requintes de crueldade, inclusive uma das v\u00edtimas teve a m\u00e3o decepada, al\u00e9m do fato de o militar preso tem um hist\u00f3rico criminal extenso.<\/p>\n\n\n\n<p>O delegado Gustavo Henrique, destacou mais esse importante trabalho desencadeado pela Assessoria T\u00e9cnica de Intelig\u00eancia da Especializada, em parceria com a 2\u00aa DHC que, ap\u00f3s uma s\u00e9rie de dilig\u00eancias realizadas, terminou na localiza\u00e7\u00e3o da casa onde o foragido se encontrava, no munic\u00edpio de Satuba (AL), local onde ocorreu a pris\u00e3o.<\/p>\n\n\n\n<p>Ap\u00f3s a captura, o preso foi levado para a sede da DEIC, onde foi formalizado o cumprimento do mandado de pris\u00e3o e, ap\u00f3s, encaminhado ao sistema prisional do estado, onde permanecer\u00e1 \u00e0 disposi\u00e7\u00e3o da Justi\u00e7a.<\/p>\n","protected":false},"excerpt":{"rendered":"<p>Uma opera\u00e7\u00e3o deflagrada pela Assessoria T\u00e9cnica de Intelig\u00eancia da Divis\u00e3o Espacial de Investiga\u00e7\u00f5es e Capturas (DEIC), em<\/p>\n","protected":false},"author":1,"featured_media":12542,"comment_status":"open","ping_status":"open","sticky":false,"template":"","format":"standard","meta":{"footnotes":""},"categories":[60],"tags":[],"class_list":["post-12572","post","type-post","status-publish","format-standard","has-post-thumbnail","hentry","category-capa"],"_links":{"self":[{"href":"https:\/\/4cantosalagoas.com.br\/portal\/wp-json\/wp\/v2\/posts\/12572","targetHints":{"allow":["GET"]}}],"collection":[{"href":"https:\/\/4cantosalagoas.com.br\/portal\/wp-json\/wp\/v2\/posts"}],"about":[{"href":"https:\/\/4cantosalagoas.com.br\/portal\/wp-json\/wp\/v2\/types\/post"}],"author":[{"embeddable":true,"href":"https:\/\/4cantosalagoas.com.br\/portal\/wp-json\/wp\/v2\/users\/1"}],"replies":[{"embeddable":true,"href":"https:\/\/4cantosalagoas.com.br\/portal\/wp-json\/wp\/v2\/comments?post=12572"}],"version-history":[{"count":1,"href":"https:\/\/4cantosalagoas.com.br\/portal\/wp-json\/wp\/v2\/posts\/12572\/revisions"}],"predecessor-version":[{"id":12573,"href":"https:\/\/4cantosalagoas.com.br\/portal\/wp-json\/wp\/v2\/posts\/12572\/revisions\/12573"}],"wp:featuredmedia":[{"embeddable":true,"href":"https:\/\/4cantosalagoas.com.br\/portal\/wp-json\/wp\/v2\/media\/12542"}],"wp:attachment":[{"href":"https:\/\/4cantosalagoas.com.br\/portal\/wp-json\/wp\/v2\/media?parent=12572"}],"wp:term":[{"taxonomy":"category","embeddable":true,"href":"https:\/\/4cantosalagoas.com.br\/portal\/wp-json\/wp\/v2\/categories?post=12572"},{"taxonomy":"post_tag","embeddable":true,"href":"https:\/\/4cantosalagoas.com.br\/portal\/wp-json\/wp\/v2\/tags?post=12572"}],"curies":[{"name":"wp","href":"https:\/\/api.w.org\/{rel}","templated":true}]}}