{"id":12541,"date":"2020-09-14T18:59:57","date_gmt":"2020-09-14T21:59:57","guid":{"rendered":"http:\/\/4cantosalagoas.com.br\/portal\/?p=12541"},"modified":"2020-09-14T19:00:02","modified_gmt":"2020-09-14T22:00:02","slug":"apos-investigacao-mulher-que-havia-sumido-e-encontrada-pela-deic","status":"publish","type":"post","link":"https:\/\/4cantosalagoas.com.br\/portal\/apos-investigacao-mulher-que-havia-sumido-e-encontrada-pela-deic\/","title":{"rendered":"Ap\u00f3s investiga\u00e7\u00e3o, mulher que havia sumido \u00e9 encontrada pela DEIC"},"content":{"rendered":"\n<figure class=\"wp-block-image\"><img fetchpriority=\"high\" decoding=\"async\" width=\"750\" height=\"450\" src=\"http:\/\/4cantosalagoas.com.br\/portal\/wp-content\/uploads\/2020\/09\/Deic_banner_padr\u00e3o_novo.thumbnail.jpg\" alt=\"\" class=\"wp-image-12542\" srcset=\"https:\/\/4cantosalagoas.com.br\/portal\/wp-content\/uploads\/2020\/09\/Deic_banner_padr\u00e3o_novo.thumbnail.jpg 750w, https:\/\/4cantosalagoas.com.br\/portal\/wp-content\/uploads\/2020\/09\/Deic_banner_padr\u00e3o_novo.thumbnail-300x180.jpg 300w\" sizes=\"(max-width: 750px) 100vw, 750px\" \/><figcaption>Assessoria<\/figcaption><\/figure>\n\n\n\n<p> A Se\u00e7\u00e3o Antissequestro, da Divis\u00e3o Especial de Investiga\u00e7\u00e3o e Capturas (DEIC), informou que, na tarde de\u00a0sexta-feira (11),\u00a0a investiga\u00e7\u00e3o relativa ao desaparecimento de uma professora,\u00a0que teve o sumi\u00e7o\u00a0registrado no\u00a0domingo (6) deste m\u00eas, tratado como sequestro, foi encerrada.<br>O delegado Jos\u00e9 Carlos, titular da Se\u00e7\u00e3o Antissequestro disse que ap\u00f3s oitivas de testemunhas e obten\u00e7\u00e3o de dados t\u00e9cnicos, foi poss\u00edvel localizar a mulher\u00a0no interior do Estado, sem qualquer sinal de viol\u00eancia ou indicativo que tenha sido v\u00edtima de crime.<br>&#8220;Ela foi ouvida pela Pol\u00edcia Civil, explicou as raz\u00f5es de seu sumi\u00e7o e esclareceu n\u00e3o ter sido sequestrada, e, ap\u00f3s o contato direto com a mesma, o caso ser\u00e1 encerrado&#8221;, concluiu o delegado Jos\u00e9 Carlos. <\/p>\n\n\n\n<p>Assessoria<\/p>\n","protected":false},"excerpt":{"rendered":"<p>A Se\u00e7\u00e3o Antissequestro, da Divis\u00e3o Especial de Investiga\u00e7\u00e3o e Capturas (DEIC), informou que, na tarde de\u00a0sexta-feira (11),\u00a0a<\/p>\n","protected":false},"author":1,"featured_media":12542,"comment_status":"open","ping_status":"open","sticky":false,"template":"","format":"standard","meta":{"footnotes":""},"categories":[11],"tags":[],"class_list":["post-12541","post","type-post","status-publish","format-standard","has-post-thumbnail","hentry","category-policia"],"_links":{"self":[{"href":"https:\/\/4cantosalagoas.com.br\/portal\/wp-json\/wp\/v2\/posts\/12541","targetHints":{"allow":["GET"]}}],"collection":[{"href":"https:\/\/4cantosalagoas.com.br\/portal\/wp-json\/wp\/v2\/posts"}],"about":[{"href":"https:\/\/4cantosalagoas.com.br\/portal\/wp-json\/wp\/v2\/types\/post"}],"author":[{"embeddable":true,"href":"https:\/\/4cantosalagoas.com.br\/portal\/wp-json\/wp\/v2\/users\/1"}],"replies":[{"embeddable":true,"href":"https:\/\/4cantosalagoas.com.br\/portal\/wp-json\/wp\/v2\/comments?post=12541"}],"version-history":[{"count":1,"href":"https:\/\/4cantosalagoas.com.br\/portal\/wp-json\/wp\/v2\/posts\/12541\/revisions"}],"predecessor-version":[{"id":12543,"href":"https:\/\/4cantosalagoas.com.br\/portal\/wp-json\/wp\/v2\/posts\/12541\/revisions\/12543"}],"wp:featuredmedia":[{"embeddable":true,"href":"https:\/\/4cantosalagoas.com.br\/portal\/wp-json\/wp\/v2\/media\/12542"}],"wp:attachment":[{"href":"https:\/\/4cantosalagoas.com.br\/portal\/wp-json\/wp\/v2\/media?parent=12541"}],"wp:term":[{"taxonomy":"category","embeddable":true,"href":"https:\/\/4cantosalagoas.com.br\/portal\/wp-json\/wp\/v2\/categories?post=12541"},{"taxonomy":"post_tag","embeddable":true,"href":"https:\/\/4cantosalagoas.com.br\/portal\/wp-json\/wp\/v2\/tags?post=12541"}],"curies":[{"name":"wp","href":"https:\/\/api.w.org\/{rel}","templated":true}]}}