{"id":12525,"date":"2020-09-11T18:01:40","date_gmt":"2020-09-11T21:01:40","guid":{"rendered":"http:\/\/4cantosalagoas.com.br\/portal\/?p=12525"},"modified":"2020-09-11T18:01:45","modified_gmt":"2020-09-11T21:01:45","slug":"fim-de-semana-em-alagoas-deve-ser-de-tempo-com-nebulosidade-e-com-chuvas-leves","status":"publish","type":"post","link":"https:\/\/4cantosalagoas.com.br\/portal\/fim-de-semana-em-alagoas-deve-ser-de-tempo-com-nebulosidade-e-com-chuvas-leves\/","title":{"rendered":"Fim de semana em Alagoas deve ser de tempo com nebulosidade e com chuvas leves"},"content":{"rendered":"\n<figure class=\"wp-block-image\"><img fetchpriority=\"high\" decoding=\"async\" width=\"1024\" height=\"701\" src=\"http:\/\/4cantosalagoas.com.br\/portal\/wp-content\/uploads\/2019\/08\/chuvas-2-2-1024x701.jpg\" alt=\"\" class=\"wp-image-8539\" srcset=\"https:\/\/4cantosalagoas.com.br\/portal\/wp-content\/uploads\/2019\/08\/chuvas-2-2-1024x701.jpg 1024w, https:\/\/4cantosalagoas.com.br\/portal\/wp-content\/uploads\/2019\/08\/chuvas-2-2-300x205.jpg 300w, https:\/\/4cantosalagoas.com.br\/portal\/wp-content\/uploads\/2019\/08\/chuvas-2-2-768x526.jpg 768w, https:\/\/4cantosalagoas.com.br\/portal\/wp-content\/uploads\/2019\/08\/chuvas-2-2.jpg 1204w\" sizes=\"(max-width: 1024px) 100vw, 1024px\" \/><figcaption>Foto:  Gl\u00e9cio Rodrigues<\/figcaption><\/figure>\n\n\n\n<p>\n\nO final de semana deve ser de tempo fechado em Alagoas. \u00c9 o que aponta a previs\u00e3o do tempo da Sala de Alerta da Secretaria do Meio Ambiente e dos Recursos H\u00eddricos (Semarh), divulgada na manh\u00e3 desta sexta-feira (11).<\/p>\n\n\n\n<p>Hoje Macei\u00f3 deve apresentar nebulosidade vari\u00e1vel com m\u00ednima de 23\u00b0C e m\u00e1xima de 29\u00b0C. J\u00e1 no Agreste, a previs\u00e3o \u00e9 de per\u00edodos curtos de sol intercalados com per\u00edodos de nuvens com temperatura m\u00ednima de 21\u00b0C e m\u00e1xima de 31\u00b0C. No Baixo S\u00e3o Francisco, a previs\u00e3o \u00e9 a mesma da capital com nebulosidade vari\u00e1vel e m\u00ednima de 24\u00b0C e m\u00e1xima 29\u00b0C.<\/p>\n\n\n\n<p>J\u00e1 no Litoral, tamb\u00e9m dever\u00e1 ocorrer nebulosidade vari\u00e1vel no restante do dia. A m\u00ednima dever\u00e1 ser 23\u00b0C e m\u00e1xima de 29\u00b0C. No Sert\u00e3o, poder\u00e1 ter per\u00edodos curtos de sol intercalados com per\u00edodos de nuvens. Por l\u00e1, a m\u00e1xima dever\u00e1 ser de 32\u00b0C tendo m\u00ednima de 22\u00b0C. No Sert\u00e3o do S\u00e3o Francisco, h\u00e1 possibilidade de per\u00edodos curtos de sol intercalados com per\u00edodos de nuvens, tendo m\u00e1xima de 21\u00b0C e m\u00e1xima de 33\u00b0C. Enquanto, na Zona da Mata alagoana a previs\u00e3o \u00e9 de nebulosidade vari\u00e1vel com possibilidade de chuva passageira. A temperatura m\u00ednima dever\u00e1 ser de 24\u00b0C e m\u00e1xima de 29\u00b0C.<\/p>\n\n\n\n<p>No s\u00e1bado (12), a capital de Alagoas pode apresentar possibilidade de chuva leve intercalada com per\u00edodos de tempo seco durante a manh\u00e3. Nebulosidade vari\u00e1vel no restante do dia. A m\u00ednima dever\u00e1 ser de 24\u00b0C e m\u00e1xima de 29\u00b0C.&nbsp;<br>No Agreste, o tempo dever\u00e1 ser de per\u00edodos curtos de sol intercalados com per\u00edodos de nuvens. A m\u00ednima \u00e9 de 22\u00b0C e m\u00e1xima de 32\u00b0C. No Sert\u00e3o, o clima deve ser o mesmo do Agreste, com per\u00edodos curtos de sol intercalados com per\u00edodos de nuvens e a temperatura m\u00ednima poder\u00e1 ser de 22\u00b0C e m\u00e1xima de 33\u00b0C. J\u00e1 na Zona da Mata, existe a possibilidade de chuva leve intercalada com per\u00edodos de tempo seco nas primeiras horas deste s\u00e1bado, nebulosidade vari\u00e1vel no restante do dia. Com temperatura m\u00e1xima de 30\u00b0C e m\u00ednima de 24\u00b0C.<br>O domingo (13) promete ser de chuva em Macei\u00f3 durante a manh\u00e3 e \u00e0 noite, com a tarde de nebulosidade vari\u00e1vel. Temperatura m\u00ednima de 24\u00b0C e m\u00e1xima de 28\u00b0C. J\u00e1 no Agreste dever\u00e1 fazer frio, com m\u00ednima de 22\u00b0C e m\u00e1xima de 30\u00b0C, o clima nesta regi\u00e3o dever\u00e1 ser tamb\u00e9m de chuva durante a manh\u00e3 e \u00e0 noite, e a tarde com nebulosidade vari\u00e1vel.<\/p>\n\n\n\n<p>No Baixo S\u00e3o Francisco, o clima tamb\u00e9m n\u00e3o fugir\u00e1 deste cen\u00e1rio de chuvas pela manh\u00e3 e noite e a tarde com nebulosidade vari\u00e1vel. L\u00e1, a temperatura m\u00ednima est\u00e1 prevista para 24\u00b0C e m\u00e1xima de 29\u00b0C. No Sert\u00e3o tamb\u00e9m dever\u00e1 haver um clima ameno, com nebulosidade vari\u00e1vel com a possibilidade de chuva leve e r\u00e1pida durante todo o dia. A m\u00ednima nesta regi\u00e3o do Estado \u00e9 de 20\u00b0C e m\u00e1xima de 31\u00b0C.<\/p>\n\n\n\n<p>Na Zona da Mata, a previs\u00e3o tamb\u00e9m \u00e9 de chuva durante a manh\u00e3 e \u00e0 noite e a tarde com nebulosidade vari\u00e1vel, sendo temperatura m\u00ednima de 24\u00b0C e m\u00e1xima de 28\u00b0C.<\/p>\n\n\n\n<p>Assessoria<\/p>\n\n\n\n<p><\/p>\n","protected":false},"excerpt":{"rendered":"<p>O final de semana deve ser de tempo fechado em Alagoas. \u00c9 o que aponta a previs\u00e3o<\/p>\n","protected":false},"author":1,"featured_media":8539,"comment_status":"open","ping_status":"open","sticky":false,"template":"","format":"standard","meta":{"footnotes":""},"categories":[60],"tags":[],"class_list":["post-12525","post","type-post","status-publish","format-standard","has-post-thumbnail","hentry","category-capa"],"_links":{"self":[{"href":"https:\/\/4cantosalagoas.com.br\/portal\/wp-json\/wp\/v2\/posts\/12525","targetHints":{"allow":["GET"]}}],"collection":[{"href":"https:\/\/4cantosalagoas.com.br\/portal\/wp-json\/wp\/v2\/posts"}],"about":[{"href":"https:\/\/4cantosalagoas.com.br\/portal\/wp-json\/wp\/v2\/types\/post"}],"author":[{"embeddable":true,"href":"https:\/\/4cantosalagoas.com.br\/portal\/wp-json\/wp\/v2\/users\/1"}],"replies":[{"embeddable":true,"href":"https:\/\/4cantosalagoas.com.br\/portal\/wp-json\/wp\/v2\/comments?post=12525"}],"version-history":[{"count":1,"href":"https:\/\/4cantosalagoas.com.br\/portal\/wp-json\/wp\/v2\/posts\/12525\/revisions"}],"predecessor-version":[{"id":12526,"href":"https:\/\/4cantosalagoas.com.br\/portal\/wp-json\/wp\/v2\/posts\/12525\/revisions\/12526"}],"wp:featuredmedia":[{"embeddable":true,"href":"https:\/\/4cantosalagoas.com.br\/portal\/wp-json\/wp\/v2\/media\/8539"}],"wp:attachment":[{"href":"https:\/\/4cantosalagoas.com.br\/portal\/wp-json\/wp\/v2\/media?parent=12525"}],"wp:term":[{"taxonomy":"category","embeddable":true,"href":"https:\/\/4cantosalagoas.com.br\/portal\/wp-json\/wp\/v2\/categories?post=12525"},{"taxonomy":"post_tag","embeddable":true,"href":"https:\/\/4cantosalagoas.com.br\/portal\/wp-json\/wp\/v2\/tags?post=12525"}],"curies":[{"name":"wp","href":"https:\/\/api.w.org\/{rel}","templated":true}]}}