{"id":12496,"date":"2020-09-09T10:27:10","date_gmt":"2020-09-09T13:27:10","guid":{"rendered":"http:\/\/4cantosalagoas.com.br\/portal\/?p=12496"},"modified":"2020-09-09T10:27:15","modified_gmt":"2020-09-09T13:27:15","slug":"policia-civil-prende-em-rio-largo-integrante-de-faccao-criminosa-foragido-da-justica","status":"publish","type":"post","link":"https:\/\/4cantosalagoas.com.br\/portal\/policia-civil-prende-em-rio-largo-integrante-de-faccao-criminosa-foragido-da-justica\/","title":{"rendered":"Pol\u00edcia Civil prende em Rio Largo integrante de fac\u00e7\u00e3o criminosa foragido da Justi\u00e7a"},"content":{"rendered":"\n<figure class=\"wp-block-image\"><img fetchpriority=\"high\" decoding=\"async\" width=\"750\" height=\"500\" src=\"http:\/\/4cantosalagoas.com.br\/portal\/wp-content\/uploads\/2020\/09\/Rio_Largo.thumbnail.jpg\" alt=\"\" class=\"wp-image-12497\" srcset=\"https:\/\/4cantosalagoas.com.br\/portal\/wp-content\/uploads\/2020\/09\/Rio_Largo.thumbnail.jpg 750w, https:\/\/4cantosalagoas.com.br\/portal\/wp-content\/uploads\/2020\/09\/Rio_Largo.thumbnail-300x200.jpg 300w\" sizes=\"(max-width: 750px) 100vw, 750px\" \/><figcaption>Assessoria<\/figcaption><\/figure>\n\n\n\n<p>Uma opera\u00e7\u00e3o deflagrada nesta ter\u00e7a-feira (8), pela Divis\u00e3o Especial de Investiga\u00e7\u00f5es e Capturas (DEIC) e pela Delegacia de Homic\u00eddios e Narcotr\u00e1fico de Rio Largo (DH\/DRN), neste munic\u00edpio, resultou na pris\u00e3o de mais um foragido da Justi\u00e7a &#8211; um homem de 29 anos&nbsp;de idade, acusado de tr\u00e1fico de drogas, associa\u00e7\u00e3o para o tr\u00e1fico e posse irregular de arma de fogo. A a\u00e7\u00e3o foi&nbsp;coordenada pelos delegados Gustavo Henrique e Lucim\u00e9rio Campos, respectivamente, diretorr da Deic e titular da DH\/DRN de Rio Lardo.<\/p>\n\n\n\n<p>A pris\u00e3o foi um desdobramento de outra opera\u00e7\u00e3o conjunta das duas unidades da Pol\u00edcia Civil de Alagoas (PCAL), realizada no dia &nbsp;2 de julho deste ano, que prendeu em flagrante delito a companheira do homem preso nesta ter\u00e7a-feira, de 23 anos de idade, na resid\u00eancia do casal, tamb\u00e9m na cidade de Rio Largo. Na ocasi\u00e3o, foram apreendidos 2,200 kg de maconha, 140 gramas de crack, R$ 2.300,00, um rev\u00f3lver calibre 38 com seis muni\u00e7\u00f5es e uma balan\u00e7a de precis\u00e3o.<\/p>\n\n\n\n<p>O delegado Gustavo Henrique, diretor da DEIC, informou que, no momento da pris\u00e3o da mulher, o companheiro conseguiu fugir, mas com a continuidade \u00e0 investiga\u00e7\u00e3o, que se iniciou a partir de uma den\u00fancia an\u00f4nima, a pris\u00e3o dele foi decretada, no dia 2 deste m\u00eas, pela 3\u00aa Vara Criminal de Rio Largo\/AL, sendo ele, agora, localizado e preso.<\/p>\n\n\n\n<p>J\u00e1 o delegado Lucim\u00e9rio Campos destacou a import\u00e2ncia da investiga\u00e7\u00e3o que resultou nessa pris\u00e3o, tendo em vista que o homem preso \u00e9 gerente do tr\u00e1fico de drogas de uma organiza\u00e7\u00e3o criminosa que atua no munic\u00edpio, al\u00e9m ser integrante de uma fac\u00e7\u00e3o criminosa nacionalmente conhecida. Ele &nbsp;concluiu dizendo que o foco, a partir de agora, \u00e9 prender o l\u00edder do grupo que atua na cidade, um indiv\u00edduo de alta periculosidade que se encontra foragido da Justi\u00e7a.<\/p>\n\n\n\n<p>O diretor da DEIC enalteceu ainda o trabalho conjunto das duas unidades especializadas da PC\/AL, bem como destacou o profissionalismo dos policias envolvidos na investiga\u00e7\u00e3o. Aproveitou para refor\u00e7ar a import\u00e2ncia da ajuda da popula\u00e7\u00e3o, por meio do disque den\u00fancia (181), no combate \u00e0 criminalidade no Estado, pedindo esse apoio para que chefe do tr\u00e1fico de Rio Largo, ainda foragido, seja encontrado e preso.<\/p>\n\n\n\n<p>Ap\u00f3s a captura, o preso foi levado para a sede da DEIC, no bairro Santa Am\u00e9lia, onde foi formalizado o cumprimento do mandado de pris\u00e3o, sendo depois encaminhado ao sistema prisional do estado, onde permanecer\u00e1 \u00e0 disposi\u00e7\u00e3o da Justi\u00e7a.<\/p>\n\n\n\n<p>Assessoria <\/p>\n","protected":false},"excerpt":{"rendered":"<p>Uma opera\u00e7\u00e3o deflagrada nesta ter\u00e7a-feira (8), pela Divis\u00e3o Especial de Investiga\u00e7\u00f5es e Capturas (DEIC) e pela Delegacia<\/p>\n","protected":false},"author":1,"featured_media":12497,"comment_status":"open","ping_status":"open","sticky":false,"template":"","format":"standard","meta":{"footnotes":""},"categories":[60],"tags":[],"class_list":["post-12496","post","type-post","status-publish","format-standard","has-post-thumbnail","hentry","category-capa"],"_links":{"self":[{"href":"https:\/\/4cantosalagoas.com.br\/portal\/wp-json\/wp\/v2\/posts\/12496","targetHints":{"allow":["GET"]}}],"collection":[{"href":"https:\/\/4cantosalagoas.com.br\/portal\/wp-json\/wp\/v2\/posts"}],"about":[{"href":"https:\/\/4cantosalagoas.com.br\/portal\/wp-json\/wp\/v2\/types\/post"}],"author":[{"embeddable":true,"href":"https:\/\/4cantosalagoas.com.br\/portal\/wp-json\/wp\/v2\/users\/1"}],"replies":[{"embeddable":true,"href":"https:\/\/4cantosalagoas.com.br\/portal\/wp-json\/wp\/v2\/comments?post=12496"}],"version-history":[{"count":1,"href":"https:\/\/4cantosalagoas.com.br\/portal\/wp-json\/wp\/v2\/posts\/12496\/revisions"}],"predecessor-version":[{"id":12498,"href":"https:\/\/4cantosalagoas.com.br\/portal\/wp-json\/wp\/v2\/posts\/12496\/revisions\/12498"}],"wp:featuredmedia":[{"embeddable":true,"href":"https:\/\/4cantosalagoas.com.br\/portal\/wp-json\/wp\/v2\/media\/12497"}],"wp:attachment":[{"href":"https:\/\/4cantosalagoas.com.br\/portal\/wp-json\/wp\/v2\/media?parent=12496"}],"wp:term":[{"taxonomy":"category","embeddable":true,"href":"https:\/\/4cantosalagoas.com.br\/portal\/wp-json\/wp\/v2\/categories?post=12496"},{"taxonomy":"post_tag","embeddable":true,"href":"https:\/\/4cantosalagoas.com.br\/portal\/wp-json\/wp\/v2\/tags?post=12496"}],"curies":[{"name":"wp","href":"https:\/\/api.w.org\/{rel}","templated":true}]}}