{"id":12484,"date":"2020-09-08T18:28:21","date_gmt":"2020-09-08T21:28:21","guid":{"rendered":"http:\/\/4cantosalagoas.com.br\/portal\/?p=12484"},"modified":"2020-09-08T18:28:27","modified_gmt":"2020-09-08T21:28:27","slug":"infectologista-alerta-sobre-risco-de-transmissao-da-covid-19-na-praia","status":"publish","type":"post","link":"https:\/\/4cantosalagoas.com.br\/portal\/infectologista-alerta-sobre-risco-de-transmissao-da-covid-19-na-praia\/","title":{"rendered":"Infectologista alerta sobre risco de transmiss\u00e3o da Covid-19 na praia"},"content":{"rendered":"\n<figure class=\"wp-block-image\"><img fetchpriority=\"high\" decoding=\"async\" width=\"600\" height=\"337\" src=\"http:\/\/4cantosalagoas.com.br\/portal\/wp-content\/uploads\/2020\/09\/praia.jpg\" alt=\"\" class=\"wp-image-12485\" srcset=\"https:\/\/4cantosalagoas.com.br\/portal\/wp-content\/uploads\/2020\/09\/praia.jpg 600w, https:\/\/4cantosalagoas.com.br\/portal\/wp-content\/uploads\/2020\/09\/praia-300x169.jpg 300w\" sizes=\"(max-width: 600px) 100vw, 600px\" \/><figcaption> <br>Al\u00e9m de protetor solar, o uso da m\u00e1scara passou a ser imprescind\u00edvel ao ir \u00e0 praia Foto\/<em>Carla Cleto<\/em> <\/figcaption><\/figure>\n\n\n\n<p>\n\nCom os term\u00f4metros beirando os 27\u00b0C, o sol dando as caras e o mar azul-piscina como cen\u00e1rio, as praias de Alagoas t\u00eam sido um convite quase irrecus\u00e1vel para quem deseja relaxar na areia e dar bons mergulhos, sobretudo nos finais de semana. No entanto, segundo Sarah Dominique, infectologista do Hospital da Mulher Dr.\u00aa Nise da Silveira (HM), por mais que a flexibiliza\u00e7\u00e3o do isolamento social seja animadora, ainda n\u00e3o \u00e9 tempo de ignorar as normas e aglomerar-se, como se a pandemia do novo coronav\u00edrus j\u00e1 tivesse acabado,<\/p>\n\n\n\n<p>A especialista ressalta que a ado\u00e7\u00e3o de cuidados contra a Covid-19 em lugares fechados, como barzinhos e restaurantes, s\u00e3o praticamente as mesmas para os ambientes abertos. \u201cA faixa et\u00e1ria adulto jovem \u00e9 a que mais tem desrespeitado as regras de preven\u00e7\u00e3o aconselhadas pelas autoridades de sa\u00fade para conter a progress\u00e3o da pandemia do novo coronav\u00edrus. A praia \u00e9 uma local de lazer, e n\u00e3o de aglomera\u00e7\u00e3o\u201d, disse.<\/p>\n\n\n\n<p>Sarah Dominique alerta que a redu\u00e7\u00e3o dos casos da Covid-19 na capital tem gerado na popula\u00e7\u00e3o a falsa sensa\u00e7\u00e3o de seguran\u00e7a. \u201cA pandemia ainda n\u00e3o terminou. \u00c9 isso que precisamos entender. Nos \u00faltimos meses, ficamos com os \u00edndices elevados, tanto no que diz respeito ao n\u00famero de \u00f3bitos quanto de pessoas infectadas. O que os especialistas querem agora \u00e9 que essa curva decrescente se mantenha para n\u00edveis minimamente aceit\u00e1veis. Com essa diminui\u00e7\u00e3o na curva, as pessoas n\u00e3o devem cair no achismo de que n\u00e3o precisam mais manter as recomenda\u00e7\u00f5es e a utiliza\u00e7\u00e3o de m\u00e1scaras. Se as regras n\u00e3o forem respeitadas, podemos, sim, ter uma segunda onda de cont\u00e1gio. Macei\u00f3 come\u00e7ou a ter um decl\u00ednio em n\u00famero de casos agora\u201d, destacou.<\/p>\n\n\n\n<p>Posso manter as cadeiras de praia mais pr\u00f3ximas umas das outras? A resposta \u00e9 n\u00e3o. De acordo com Sarah Dominique, o ideal \u00e9 manter o distanciamento das cadeiras ou barracas por, no m\u00ednimo, dois metros ou mais. E, mesmo que voc\u00ea esteja sozinho, n\u00e3o se esque\u00e7a de usar a m\u00e1scara. Caso beba ou coma algum petisco, retire-a. Mas, assim que terminar de ingerir, coloque-a novamente no rosto. E mais: n\u00e3o entre na \u00e1gua com o anteparo, pois ele vai molhar e, consequentemente, vai perder sua fun\u00e7\u00e3o, que \u00e9 a de proteger voc\u00ea contra o novo coronav\u00edrus.<\/p>\n\n\n\n<p>\u201cN\u00f3s, enquanto especialistas, n\u00e3o podemos assegurar, do ponto de vista da ci\u00eancia, que, mesmo as pessoas que j\u00e1 tiveram a Covid-19 confirmada pelo exame molecular RT-PCR e, logo ap\u00f3s o tratamento da doen\u00e7a, est\u00e3o livres de uma reinfec\u00e7\u00e3o. At\u00e9 o momento, nos parece que sim. O indiv\u00edduo pode transmitir para outra pessoa. Contudo, essa propaga\u00e7\u00e3o do v\u00edrus n\u00e3o \u00e9 pelo fato de ele ter tido a Covid, mas, sim, em fun\u00e7\u00e3o do n\u00e3o uso da m\u00e1scara. Ele pode receber a Covid de algu\u00e9m e acabar transmitindo para outras pessoas, como familiares e amigos mais pr\u00f3ximos\u201d, explicou.<\/p>\n\n\n\n<p>\u201cPorque, se fosse assim, o laudo m\u00e9dico constataria que o paciente, seja ele com caso suspeito ou confirmado, ao sair do hospital, estaria isento do uso da m\u00e1scara. E a pr\u00e1tica n\u00e3o \u00e9 essa. Inclusive, existe a Lei n\u00b0 14.019\/2020, sancionada pelo governo federal, que torna obrigat\u00f3rio o uso de m\u00e1scara de prote\u00e7\u00e3o individual em espa\u00e7os p\u00fablicos e privados durante a pandemia do novo coronav\u00edrus\u201d, acrescentou.<\/p>\n\n\n\n<p><strong>\u00c9 sempre bom frisar<\/strong>\u00a0\u2013 Da mesma forma que nos restaurantes e barzinhos, \u00e9 preciso promover algum tipo de higieniza\u00e7\u00e3o das m\u00e3os quando voc\u00ea estiver na praia. Por isso, a infectologista do HM recomenda que cada pessoa leve seu frasco de \u00e1lcool em gel a 70% na bolsa, como forma de preven\u00e7\u00e3o para que o v\u00edrus n\u00e3o se propague. \u201cAinda que o indiv\u00edduo tenha tido a Covid-19, ele est\u00e1 se expondo a pessoas com as quais desconhece o estado de sa\u00fade\u201d, salientou. <\/p>\n\n\n\n<p>Assessoria<\/p>\n","protected":false},"excerpt":{"rendered":"<p>Com os term\u00f4metros beirando os 27\u00b0C, o sol dando as caras e o mar azul-piscina como cen\u00e1rio,<\/p>\n","protected":false},"author":1,"featured_media":12485,"comment_status":"open","ping_status":"open","sticky":false,"template":"","format":"standard","meta":{"footnotes":""},"categories":[5],"tags":[],"class_list":["post-12484","post","type-post","status-publish","format-standard","has-post-thumbnail","hentry","category-maceio"],"_links":{"self":[{"href":"https:\/\/4cantosalagoas.com.br\/portal\/wp-json\/wp\/v2\/posts\/12484","targetHints":{"allow":["GET"]}}],"collection":[{"href":"https:\/\/4cantosalagoas.com.br\/portal\/wp-json\/wp\/v2\/posts"}],"about":[{"href":"https:\/\/4cantosalagoas.com.br\/portal\/wp-json\/wp\/v2\/types\/post"}],"author":[{"embeddable":true,"href":"https:\/\/4cantosalagoas.com.br\/portal\/wp-json\/wp\/v2\/users\/1"}],"replies":[{"embeddable":true,"href":"https:\/\/4cantosalagoas.com.br\/portal\/wp-json\/wp\/v2\/comments?post=12484"}],"version-history":[{"count":1,"href":"https:\/\/4cantosalagoas.com.br\/portal\/wp-json\/wp\/v2\/posts\/12484\/revisions"}],"predecessor-version":[{"id":12486,"href":"https:\/\/4cantosalagoas.com.br\/portal\/wp-json\/wp\/v2\/posts\/12484\/revisions\/12486"}],"wp:featuredmedia":[{"embeddable":true,"href":"https:\/\/4cantosalagoas.com.br\/portal\/wp-json\/wp\/v2\/media\/12485"}],"wp:attachment":[{"href":"https:\/\/4cantosalagoas.com.br\/portal\/wp-json\/wp\/v2\/media?parent=12484"}],"wp:term":[{"taxonomy":"category","embeddable":true,"href":"https:\/\/4cantosalagoas.com.br\/portal\/wp-json\/wp\/v2\/categories?post=12484"},{"taxonomy":"post_tag","embeddable":true,"href":"https:\/\/4cantosalagoas.com.br\/portal\/wp-json\/wp\/v2\/tags?post=12484"}],"curies":[{"name":"wp","href":"https:\/\/api.w.org\/{rel}","templated":true}]}}