{"id":12481,"date":"2020-09-08T18:23:34","date_gmt":"2020-09-08T21:23:34","guid":{"rendered":"http:\/\/4cantosalagoas.com.br\/portal\/?p=12481"},"modified":"2020-09-08T18:23:41","modified_gmt":"2020-09-08T21:23:41","slug":"numero-de-acidentes-em-rodovias-estaduais-reduz-222-no-feriado-da-independencia","status":"publish","type":"post","link":"https:\/\/4cantosalagoas.com.br\/portal\/numero-de-acidentes-em-rodovias-estaduais-reduz-222-no-feriado-da-independencia\/","title":{"rendered":"N\u00famero de acidentes em rodovias estaduais reduz 22,2% no feriado da Independ\u00eancia"},"content":{"rendered":"\n<figure class=\"wp-block-image\"><img fetchpriority=\"high\" decoding=\"async\" width=\"600\" height=\"526\" src=\"http:\/\/4cantosalagoas.com.br\/portal\/wp-content\/uploads\/2020\/09\/aw.jpg\" alt=\"\" class=\"wp-image-12482\" srcset=\"https:\/\/4cantosalagoas.com.br\/portal\/wp-content\/uploads\/2020\/09\/aw.jpg 600w, https:\/\/4cantosalagoas.com.br\/portal\/wp-content\/uploads\/2020\/09\/aw-300x263.jpg 300w\" sizes=\"(max-width: 600px) 100vw, 600px\" \/><figcaption>Assessoria<\/figcaption><\/figure>\n\n\n\n<p>O Batalh\u00e3o de Pol\u00edcia Rodovi\u00e1ria (BPRv) divulgou, nesta ter\u00e7a-feira (08), um balan\u00e7o das a\u00e7\u00f5es durante o feriad\u00e3o a Independ\u00eancia do Brasil, que se intensificaram entre os dias 05 e 07 de setembro do corrente ano. No comparativo com 2019, este ano a unidade especializada registrou uma redu\u00e7\u00e3o de 22,2% no n\u00famero de acidentes em rodovias estaduais durante o per\u00edodo.<\/p>\n\n\n\n<p>No total, foram sete acidentes de tr\u00e2nsito contra nove no ano anterior. No comparativo com 2018, a redu\u00e7\u00e3o foi de 30%. Em 2020, foi registrado um acidente no s\u00e1bado (05), dois no domingo (06) e quatro na segunda-feira (07). Em nenhum deles houve v\u00edtimas fatais, apenas uma v\u00edtima com escoria\u00e7\u00f5es. Em 2019, tamb\u00e9m n\u00e3o houve \u00f3bitos, mas os feridos foram sete.<\/p>\n\n\n\n<p>\u201cApesar de o fluxo ter sido bem mais intenso de que nos outros anos, tivemos resultados bem significativos pelas nossas rodovias estaduais, n\u00e3o registramos nenhum \u00f3bito e nenhum acidente de grande monta. Isso se d\u00e1 pelo refor\u00e7o nas a\u00e7\u00f5es do Batalh\u00e3o, que n\u00e3o se cansa de atuar em prol do alagoano e de nossos visitantes, coibindo n\u00e3o s\u00f3 irregularidades no tr\u00e2nsito, mas tamb\u00e9m outros poss\u00edveis crimes nas vias\u201d, afirmou o comandante do BPRv, tenente-coronel Everaldo Lizi\u00e1rio.<\/p>\n\n\n\n<p>Durante as a\u00e7\u00f5es, os militares do Batalh\u00e3o conseguiram recuperar um ve\u00edculo com queixa de roubo ou furto nas proximidades da rodovia AL-101 Sul. A Honda NXR 160 Bros, de cor preta, foi encontrada abandonada com a ajuda do GPS repassado pelo propriet\u00e1rio e levada \u00e0 Delegacia de Roubos e Furtos, em Macei\u00f3, para a realiza\u00e7\u00e3o dos procedimentos cab\u00edveis junto \u00e0 Pol\u00edcia Judici\u00e1ria.<\/p>\n\n\n\n<figure class=\"wp-block-image\"><img decoding=\"async\" src=\"http:\/\/www.pm.al.gov.br\/images\/2020\/09_-_Setembro\/08-09-2020-bprv1.png\" alt=\"08 09 2020 bprv1\"\/><\/figure>\n\n\n\n<p>As guarni\u00e7\u00f5es especializadas tamb\u00e9m flagraram 668 infra\u00e7\u00f5es, que resultaram em autua\u00e7\u00f5es conforme o C\u00f3digo de Tr\u00e2nsito Brasileiro (CTB). Somente em uma das a\u00e7\u00f5es na rodovia AL-110, em Arapiraca, foram 51 autos de infra\u00e7\u00e3o por diversas irregularidades, sendo tr\u00eas delas por situa\u00e7\u00e3o de alcoolemia \u2013 duas recusas e uma medida administrativa ap\u00f3s resultado do teste do etil\u00f4metro chegar a 0,23 mg\/l; seis inabilitados e nove motociclistas sem capacete. Nessa a\u00e7\u00e3o, oito ve\u00edculos foram removidos ao p\u00e1tio do Departamento de Estradas e Rodagem (DER) por apresentarem irregularidades.<\/p>\n\n\n\n<figure class=\"wp-block-image\"><img decoding=\"async\" src=\"http:\/\/www.pm.al.gov.br\/images\/2020\/09_-_Setembro\/08-09-2020-bprv2.jpeg\" alt=\"08 09 2020 bprv2\"\/><\/figure>\n\n\n\n<p><strong>Movimento<\/strong>\u00a0\u2013 No domingo (06), dia de maior tr\u00e1fego, os militares do BPRv registraram um intenso movimento nas rodovias AL-101 Norte e Sul nas sa\u00eddas de Macei\u00f3. No hor\u00e1rio de pico, tanto pelo Posto Rodovi\u00e1rio do Trevo do P\u00f3lo, em Marechal Deodoro, quanto pelo Posto da Asplana, em Guaxuma, passaram cerca de 40 e 50 ve\u00edculos por minuto, respectivamente.<\/p>\n\n\n\n<p>Assessoria<\/p>\n","protected":false},"excerpt":{"rendered":"<p>O Batalh\u00e3o de Pol\u00edcia Rodovi\u00e1ria (BPRv) divulgou, nesta ter\u00e7a-feira (08), um balan\u00e7o das a\u00e7\u00f5es durante o feriad\u00e3o<\/p>\n","protected":false},"author":1,"featured_media":12482,"comment_status":"open","ping_status":"open","sticky":false,"template":"","format":"standard","meta":{"footnotes":""},"categories":[5],"tags":[],"class_list":["post-12481","post","type-post","status-publish","format-standard","has-post-thumbnail","hentry","category-maceio"],"_links":{"self":[{"href":"https:\/\/4cantosalagoas.com.br\/portal\/wp-json\/wp\/v2\/posts\/12481","targetHints":{"allow":["GET"]}}],"collection":[{"href":"https:\/\/4cantosalagoas.com.br\/portal\/wp-json\/wp\/v2\/posts"}],"about":[{"href":"https:\/\/4cantosalagoas.com.br\/portal\/wp-json\/wp\/v2\/types\/post"}],"author":[{"embeddable":true,"href":"https:\/\/4cantosalagoas.com.br\/portal\/wp-json\/wp\/v2\/users\/1"}],"replies":[{"embeddable":true,"href":"https:\/\/4cantosalagoas.com.br\/portal\/wp-json\/wp\/v2\/comments?post=12481"}],"version-history":[{"count":1,"href":"https:\/\/4cantosalagoas.com.br\/portal\/wp-json\/wp\/v2\/posts\/12481\/revisions"}],"predecessor-version":[{"id":12483,"href":"https:\/\/4cantosalagoas.com.br\/portal\/wp-json\/wp\/v2\/posts\/12481\/revisions\/12483"}],"wp:featuredmedia":[{"embeddable":true,"href":"https:\/\/4cantosalagoas.com.br\/portal\/wp-json\/wp\/v2\/media\/12482"}],"wp:attachment":[{"href":"https:\/\/4cantosalagoas.com.br\/portal\/wp-json\/wp\/v2\/media?parent=12481"}],"wp:term":[{"taxonomy":"category","embeddable":true,"href":"https:\/\/4cantosalagoas.com.br\/portal\/wp-json\/wp\/v2\/categories?post=12481"},{"taxonomy":"post_tag","embeddable":true,"href":"https:\/\/4cantosalagoas.com.br\/portal\/wp-json\/wp\/v2\/tags?post=12481"}],"curies":[{"name":"wp","href":"https:\/\/api.w.org\/{rel}","templated":true}]}}