{"id":12455,"date":"2020-09-04T07:53:18","date_gmt":"2020-09-04T10:53:18","guid":{"rendered":"http:\/\/4cantosalagoas.com.br\/portal\/?p=12455"},"modified":"2020-09-04T07:53:23","modified_gmt":"2020-09-04T10:53:23","slug":"em-virtude-da-pandemia-7-de-setembro-tera-apenas-cerimonia-interna-da-pm","status":"publish","type":"post","link":"https:\/\/4cantosalagoas.com.br\/portal\/em-virtude-da-pandemia-7-de-setembro-tera-apenas-cerimonia-interna-da-pm\/","title":{"rendered":"Em virtude da pandemia, 7 de Setembro ter\u00e1 apenas cerim\u00f4nia interna da PM"},"content":{"rendered":"\n<figure class=\"wp-block-image\"><img fetchpriority=\"high\" decoding=\"async\" width=\"600\" height=\"400\" src=\"http:\/\/4cantosalagoas.com.br\/portal\/wp-content\/uploads\/2020\/09\/5sr.jpg\" alt=\"\" class=\"wp-image-12456\" srcset=\"https:\/\/4cantosalagoas.com.br\/portal\/wp-content\/uploads\/2020\/09\/5sr.jpg 600w, https:\/\/4cantosalagoas.com.br\/portal\/wp-content\/uploads\/2020\/09\/5sr-300x200.jpg 300w\" sizes=\"(max-width: 600px) 100vw, 600px\" \/><figcaption> <br><em>Por M\u00e1rcio Ferreira<\/em> <\/figcaption><\/figure>\n\n\n\n<p>A Secretaria de Estado da Comunica\u00e7\u00e3o (Secom) informa que, em raz\u00e3o da pandemia da Covid-19, o Governo de Alagoas n\u00e3o promover\u00e1, nesta segunda-feira (07), o tradicional Desfile da Independ\u00eancia. A decis\u00e3o visa evitar aglomera\u00e7\u00f5es e a propaga\u00e7\u00e3o do novo coronav\u00edrus.<\/p>\n\n\n\n<p>Para marcar a passagem dos 198 anos de anivers\u00e1rio da Proclama\u00e7\u00e3o da Independ\u00eancia do Brasil, a Pol\u00edcia Militar de Alagoas far\u00e1 uma cerim\u00f4nia interna, sem a presen\u00e7a de p\u00fablico, que ocorrer\u00e1 na Academia da PM, bairro do Trapiche da Barra, a partir das 7h45. Na ocasi\u00e3o, ser\u00e1 feito o hasteamento do Pavilh\u00e3o Nacional e entoado o Hino da Independ\u00eancia.<\/p>\n\n\n\n<p><strong>O evento ser\u00e1 transmitido pelas redes oficiais da corpora\u00e7\u00e3o.<\/strong><\/p>\n\n\n\n<p><em>Com Ag\u00eancia Alagoas&nbsp;<\/em><\/p>\n","protected":false},"excerpt":{"rendered":"<p>A Secretaria de Estado da Comunica\u00e7\u00e3o (Secom) informa que, em raz\u00e3o da pandemia da Covid-19, o Governo<\/p>\n","protected":false},"author":1,"featured_media":12456,"comment_status":"open","ping_status":"open","sticky":false,"template":"","format":"standard","meta":{"footnotes":""},"categories":[60],"tags":[],"class_list":["post-12455","post","type-post","status-publish","format-standard","has-post-thumbnail","hentry","category-capa"],"_links":{"self":[{"href":"https:\/\/4cantosalagoas.com.br\/portal\/wp-json\/wp\/v2\/posts\/12455","targetHints":{"allow":["GET"]}}],"collection":[{"href":"https:\/\/4cantosalagoas.com.br\/portal\/wp-json\/wp\/v2\/posts"}],"about":[{"href":"https:\/\/4cantosalagoas.com.br\/portal\/wp-json\/wp\/v2\/types\/post"}],"author":[{"embeddable":true,"href":"https:\/\/4cantosalagoas.com.br\/portal\/wp-json\/wp\/v2\/users\/1"}],"replies":[{"embeddable":true,"href":"https:\/\/4cantosalagoas.com.br\/portal\/wp-json\/wp\/v2\/comments?post=12455"}],"version-history":[{"count":1,"href":"https:\/\/4cantosalagoas.com.br\/portal\/wp-json\/wp\/v2\/posts\/12455\/revisions"}],"predecessor-version":[{"id":12457,"href":"https:\/\/4cantosalagoas.com.br\/portal\/wp-json\/wp\/v2\/posts\/12455\/revisions\/12457"}],"wp:featuredmedia":[{"embeddable":true,"href":"https:\/\/4cantosalagoas.com.br\/portal\/wp-json\/wp\/v2\/media\/12456"}],"wp:attachment":[{"href":"https:\/\/4cantosalagoas.com.br\/portal\/wp-json\/wp\/v2\/media?parent=12455"}],"wp:term":[{"taxonomy":"category","embeddable":true,"href":"https:\/\/4cantosalagoas.com.br\/portal\/wp-json\/wp\/v2\/categories?post=12455"},{"taxonomy":"post_tag","embeddable":true,"href":"https:\/\/4cantosalagoas.com.br\/portal\/wp-json\/wp\/v2\/tags?post=12455"}],"curies":[{"name":"wp","href":"https:\/\/api.w.org\/{rel}","templated":true}]}}