{"id":12448,"date":"2020-09-03T18:37:55","date_gmt":"2020-09-03T21:37:55","guid":{"rendered":"http:\/\/4cantosalagoas.com.br\/portal\/?p=12448"},"modified":"2020-09-03T18:38:01","modified_gmt":"2020-09-03T21:38:01","slug":"homem-e-preso-e-autuado-em-flagrante-apos-operacao-integrada-em-cajueiro","status":"publish","type":"post","link":"https:\/\/4cantosalagoas.com.br\/portal\/homem-e-preso-e-autuado-em-flagrante-apos-operacao-integrada-em-cajueiro\/","title":{"rendered":"Homem \u00e9 preso e autuado em flagrante ap\u00f3s opera\u00e7\u00e3o integrada em Cajueiro"},"content":{"rendered":"\n<figure class=\"wp-block-image\"><img fetchpriority=\"high\" decoding=\"async\" width=\"750\" height=\"500\" src=\"http:\/\/4cantosalagoas.com.br\/portal\/wp-content\/uploads\/2020\/09\/1a.jpg\" alt=\"\" class=\"wp-image-12449\" srcset=\"https:\/\/4cantosalagoas.com.br\/portal\/wp-content\/uploads\/2020\/09\/1a.jpg 750w, https:\/\/4cantosalagoas.com.br\/portal\/wp-content\/uploads\/2020\/09\/1a-300x200.jpg 300w\" sizes=\"(max-width: 750px) 100vw, 750px\" \/><figcaption>Assessoria<\/figcaption><\/figure>\n\n\n\n<p>O delegado Regional de Vi\u00e7osa, Guilherme Sillero, informou que uma opera\u00e7\u00e3o integrada comandada por ele foi deflagrada, na manh\u00e3 desta quinta-feira (3), e prendeu e autuou uma pessoa em flagrante por tr\u00e1fico de drogas.<\/p>\n\n\n\n<p>A a\u00e7\u00e3o cumpriu seis mandados de busca e apreens\u00e3o e faz parte de uma linha de atua\u00e7\u00e3o com o objetivo de combater a criminalidade na regi\u00e3o. O trabalho de hoje foi concentrado no munic\u00edpio de Cajueiro e realizado de forma conjunta por policiais civis da Regional de Vi\u00e7osa, do 102\u00ba Distrito Policial (102\u00ba) e militares da 4\u00aa Companhia Independente.<\/p>\n\n\n\n<p>Ap\u00f3s a pris\u00e3o, o homem de 22 anos foi conduzido para a sede da Delegacia de Cajueiro para a confec\u00e7\u00e3o dos procedimentos cab\u00edveis, e depois ficar\u00e1 recolhido a disposi\u00e7\u00e3o da Justi\u00e7a<\/p>\n\n\n\n<p>Assessoria<\/p>\n","protected":false},"excerpt":{"rendered":"<p>O delegado Regional de Vi\u00e7osa, Guilherme Sillero, informou que uma opera\u00e7\u00e3o integrada comandada por ele foi deflagrada,<\/p>\n","protected":false},"author":1,"featured_media":12449,"comment_status":"open","ping_status":"open","sticky":false,"template":"","format":"standard","meta":{"footnotes":""},"categories":[11],"tags":[],"class_list":["post-12448","post","type-post","status-publish","format-standard","has-post-thumbnail","hentry","category-policia"],"_links":{"self":[{"href":"https:\/\/4cantosalagoas.com.br\/portal\/wp-json\/wp\/v2\/posts\/12448","targetHints":{"allow":["GET"]}}],"collection":[{"href":"https:\/\/4cantosalagoas.com.br\/portal\/wp-json\/wp\/v2\/posts"}],"about":[{"href":"https:\/\/4cantosalagoas.com.br\/portal\/wp-json\/wp\/v2\/types\/post"}],"author":[{"embeddable":true,"href":"https:\/\/4cantosalagoas.com.br\/portal\/wp-json\/wp\/v2\/users\/1"}],"replies":[{"embeddable":true,"href":"https:\/\/4cantosalagoas.com.br\/portal\/wp-json\/wp\/v2\/comments?post=12448"}],"version-history":[{"count":1,"href":"https:\/\/4cantosalagoas.com.br\/portal\/wp-json\/wp\/v2\/posts\/12448\/revisions"}],"predecessor-version":[{"id":12450,"href":"https:\/\/4cantosalagoas.com.br\/portal\/wp-json\/wp\/v2\/posts\/12448\/revisions\/12450"}],"wp:featuredmedia":[{"embeddable":true,"href":"https:\/\/4cantosalagoas.com.br\/portal\/wp-json\/wp\/v2\/media\/12449"}],"wp:attachment":[{"href":"https:\/\/4cantosalagoas.com.br\/portal\/wp-json\/wp\/v2\/media?parent=12448"}],"wp:term":[{"taxonomy":"category","embeddable":true,"href":"https:\/\/4cantosalagoas.com.br\/portal\/wp-json\/wp\/v2\/categories?post=12448"},{"taxonomy":"post_tag","embeddable":true,"href":"https:\/\/4cantosalagoas.com.br\/portal\/wp-json\/wp\/v2\/tags?post=12448"}],"curies":[{"name":"wp","href":"https:\/\/api.w.org\/{rel}","templated":true}]}}