{"id":12429,"date":"2020-09-01T18:06:24","date_gmt":"2020-09-01T21:06:24","guid":{"rendered":"http:\/\/4cantosalagoas.com.br\/portal\/?p=12429"},"modified":"2020-09-01T18:06:30","modified_gmt":"2020-09-01T21:06:30","slug":"deic-prende-em-maceio-mais-um-foragido-da-justica","status":"publish","type":"post","link":"https:\/\/4cantosalagoas.com.br\/portal\/deic-prende-em-maceio-mais-um-foragido-da-justica\/","title":{"rendered":"DEIC prende em Macei\u00f3 mais um foragido da Justi\u00e7a"},"content":{"rendered":"\n<figure class=\"wp-block-image\"><img fetchpriority=\"high\" decoding=\"async\" width=\"750\" height=\"500\" src=\"http:\/\/4cantosalagoas.com.br\/portal\/wp-content\/uploads\/2020\/09\/deic_capturas_em_12_-08_2.thumbnail-1.jpg\" alt=\"\" class=\"wp-image-12430\" srcset=\"https:\/\/4cantosalagoas.com.br\/portal\/wp-content\/uploads\/2020\/09\/deic_capturas_em_12_-08_2.thumbnail-1.jpg 750w, https:\/\/4cantosalagoas.com.br\/portal\/wp-content\/uploads\/2020\/09\/deic_capturas_em_12_-08_2.thumbnail-1-300x200.jpg 300w\" sizes=\"(max-width: 750px) 100vw, 750px\" \/><figcaption>Assessoria<\/figcaption><\/figure>\n\n\n\n<p>Mais uma a\u00e7\u00e3o da Divis\u00e3o Especial de Investiga\u00e7\u00f5es e Capturas (DEIC), nesta ter\u00e7a-feira (1\u00ba),&nbsp;no bairro Cidade Universit\u00e1ria, em Macei\u00f3, por meio da Se\u00e7\u00e3o de Capturas, resultou na pris\u00e3o de um homem de 37 anos de idade,&nbsp;foragido da Justi\u00e7a.<\/p>\n\n\n\n<p>O foragido tinha mandado de pris\u00e3o preventiva em aberto expedido pela Vara do \u00danico Of\u00edcio da Comarca de Maribondo, no interior de Alagoas, por crime de homic\u00eddio qualificado.<\/p>\n\n\n\n<p>De acordo com as investiga\u00e7\u00f5es da Pol\u00edcia Civil, o foragido, no dia 25 de mar\u00e7o de 2016, por volta das 14 horas, na Rua da Gaiola, Centro, do munic\u00edpio de Pindoba (AL), assassinou, com disparos de arma de fogo, Berto Francisco da Silva. A investiga\u00e7\u00e3o ainda apurou que a motiva\u00e7\u00e3o do crime foi vingan\u00e7a, tendo em vista que autor e v\u00edtima tiveram uma desaven\u00e7a durante o carnaval daquele mesmo ano.<\/p>\n\n\n\n<p>Segundo o delegado Gustavo Henrique, diretor da DEIC, ap\u00f3s a pr\u00e1tica do delito, o infrator foragiu tomando destino ignorado, o que motivou a decreta\u00e7\u00e3o de sua pris\u00e3o preventiva em janeiro de 2018, mandado este que a Se\u00e7\u00e3o de Capturas da DEIC recebeu para cumprimento h\u00e1 cerca de um m\u00eas.<\/p>\n\n\n\n<p>De posse do mandado de pris\u00e3o, os investigadores da Se\u00e7\u00e3o de Capturas da DEIC realizaram uma s\u00e9rie de dilig\u00eancias que, com o imprescind\u00edvel apoio do disque den\u00fancia 181, culminou com a localiza\u00e7\u00e3o do endere\u00e7o onde o foragido estava e, consequentemente, com sua pris\u00e3o.<\/p>\n\n\n\n<p>\u201cParabenizo mais esse belo trabalho realizado pelos agentes da Se\u00e7\u00e3o de Capturas da Especializada e aproveito para relembrar a import\u00e2ncia de a sociedade ajudar a seguran\u00e7a p\u00fablica no combate \u00e0 criminalidade, o que pode ser feito por meio do disque den\u00fancia (181) que garante, como se sabe, o mais absoluto sigilo\u201d, &nbsp;frisou o delegado Gustavo Henrique.<\/p>\n\n\n\n<p>Ap\u00f3s a captura, o preso foi levado para a sede da DEIC, onde foi formalizado o cumprimento do mandado de pris\u00e3o e, ap\u00f3s, encaminhado ao sistema prisional onde permanecer\u00e1 \u00e0 disposi\u00e7\u00e3o da Justi\u00e7a.<\/p>\n\n\n\n<p>Assessoria<\/p>\n","protected":false},"excerpt":{"rendered":"<p>Mais uma a\u00e7\u00e3o da Divis\u00e3o Especial de Investiga\u00e7\u00f5es e Capturas (DEIC), nesta ter\u00e7a-feira (1\u00ba),&nbsp;no bairro Cidade Universit\u00e1ria,<\/p>\n","protected":false},"author":1,"featured_media":12430,"comment_status":"open","ping_status":"open","sticky":false,"template":"","format":"standard","meta":{"footnotes":""},"categories":[11],"tags":[],"class_list":["post-12429","post","type-post","status-publish","format-standard","has-post-thumbnail","hentry","category-policia"],"_links":{"self":[{"href":"https:\/\/4cantosalagoas.com.br\/portal\/wp-json\/wp\/v2\/posts\/12429","targetHints":{"allow":["GET"]}}],"collection":[{"href":"https:\/\/4cantosalagoas.com.br\/portal\/wp-json\/wp\/v2\/posts"}],"about":[{"href":"https:\/\/4cantosalagoas.com.br\/portal\/wp-json\/wp\/v2\/types\/post"}],"author":[{"embeddable":true,"href":"https:\/\/4cantosalagoas.com.br\/portal\/wp-json\/wp\/v2\/users\/1"}],"replies":[{"embeddable":true,"href":"https:\/\/4cantosalagoas.com.br\/portal\/wp-json\/wp\/v2\/comments?post=12429"}],"version-history":[{"count":1,"href":"https:\/\/4cantosalagoas.com.br\/portal\/wp-json\/wp\/v2\/posts\/12429\/revisions"}],"predecessor-version":[{"id":12431,"href":"https:\/\/4cantosalagoas.com.br\/portal\/wp-json\/wp\/v2\/posts\/12429\/revisions\/12431"}],"wp:featuredmedia":[{"embeddable":true,"href":"https:\/\/4cantosalagoas.com.br\/portal\/wp-json\/wp\/v2\/media\/12430"}],"wp:attachment":[{"href":"https:\/\/4cantosalagoas.com.br\/portal\/wp-json\/wp\/v2\/media?parent=12429"}],"wp:term":[{"taxonomy":"category","embeddable":true,"href":"https:\/\/4cantosalagoas.com.br\/portal\/wp-json\/wp\/v2\/categories?post=12429"},{"taxonomy":"post_tag","embeddable":true,"href":"https:\/\/4cantosalagoas.com.br\/portal\/wp-json\/wp\/v2\/tags?post=12429"}],"curies":[{"name":"wp","href":"https:\/\/api.w.org\/{rel}","templated":true}]}}