{"id":12423,"date":"2020-09-01T10:33:52","date_gmt":"2020-09-01T13:33:52","guid":{"rendered":"http:\/\/4cantosalagoas.com.br\/portal\/?p=12423"},"modified":"2020-09-01T10:33:57","modified_gmt":"2020-09-01T13:33:57","slug":"operacao-prende-sargento-e-jovem-acusados-de-homicidio-no-pilar","status":"publish","type":"post","link":"https:\/\/4cantosalagoas.com.br\/portal\/operacao-prende-sargento-e-jovem-acusados-de-homicidio-no-pilar\/","title":{"rendered":"Opera\u00e7\u00e3o prende sargento e jovem acusados de homic\u00eddio no Pilar"},"content":{"rendered":"\n<figure class=\"wp-block-image\"><img fetchpriority=\"high\" decoding=\"async\" width=\"750\" height=\"500\" src=\"http:\/\/4cantosalagoas.com.br\/portal\/wp-content\/uploads\/2020\/09\/pp.jpg\" alt=\"\" class=\"wp-image-12424\" srcset=\"https:\/\/4cantosalagoas.com.br\/portal\/wp-content\/uploads\/2020\/09\/pp.jpg 750w, https:\/\/4cantosalagoas.com.br\/portal\/wp-content\/uploads\/2020\/09\/pp-300x200.jpg 300w\" sizes=\"(max-width: 750px) 100vw, 750px\" \/><figcaption>Assessoria<\/figcaption><\/figure>\n\n\n\n<p>Uma opera\u00e7\u00e3o conjunta das pol\u00edcias Civil e Militar prendeu, na manh\u00e3 desta ter\u00e7a-feira (1\u00ba), um sargento da Pol\u00edcia Militar de 47 anos e um jovem de 22 anos acusados de envolvimento em um homic\u00eddio na cidade do Pilar.<\/p>\n\n\n\n<p>O crime ocorreu no \u00faltimo dia 20 de agosto e teve como v\u00edtima o entregador de \u00e1gua e g\u00e1s Wagner Pereira dos Santos, de 24 anos, morto com dois tiros na cabe\u00e7a, nas proximidades do Mirante dos Carneiros, na cidade do Pilar.<\/p>\n\n\n\n<p>\u201cA v\u00edtima foi atra\u00edda para o local depois que os envolvidos no crime fizeram um falso pedido de \u00e1gua e g\u00e1s para a regi\u00e3o do Mirante dos Carneiros. Ao passar por uma rua com pouco movimento a v\u00edtima foi alvejada por dois disparos deflagrados por ocupantes de um autom\u00f3vel Gol, de cor cinza e placa NMC 6364\u201d, ressaltou o delegado do Pilar, Sidney Ten\u00f3rio, que presidiu as investiga\u00e7\u00f5es.<\/p>\n\n\n\n<p>Outros ind\u00edcios relevantes ligam o sargento PM e o jovem, que \u00e9 propriet\u00e1rio do carro, ao crime, mas eles ser\u00e3o mantidos em sigilo para n\u00e3o atrapalhar as investiga\u00e7\u00f5es. \u201cS\u00e3o fortes os elementos de prova e, com base neles, foram representadas as pris\u00f5es tempor\u00e1rias e buscas nas casas dos suspeitos nas cidades de Atalaia e Capela, tendo sido decretados pela ju\u00edza do Pilar, Renata Malafia\u201d, explicou o delegado.<\/p>\n\n\n\n<p>Segundo Sidney Ten\u00f3rio, a motiva\u00e7\u00e3o do crime ainda est\u00e1 sendo investigada pela Pol\u00edcia Civil e deve ser esclarecida at\u00e9 a conclus\u00e3o do Inqu\u00e9rito Policial. \u201cOs acusados ser\u00e3o interrogados e em seguida ser\u00e3o encaminhados para Macei\u00f3, indo o sargento PM para o pres\u00eddio militar\u201d, concluiu.<\/p>\n\n\n\n<p>Assessoria<\/p>\n","protected":false},"excerpt":{"rendered":"<p>Uma opera\u00e7\u00e3o conjunta das pol\u00edcias Civil e Militar prendeu, na manh\u00e3 desta ter\u00e7a-feira (1\u00ba), um sargento da<\/p>\n","protected":false},"author":1,"featured_media":12424,"comment_status":"open","ping_status":"open","sticky":false,"template":"","format":"standard","meta":{"footnotes":""},"categories":[11],"tags":[],"class_list":["post-12423","post","type-post","status-publish","format-standard","has-post-thumbnail","hentry","category-policia"],"_links":{"self":[{"href":"https:\/\/4cantosalagoas.com.br\/portal\/wp-json\/wp\/v2\/posts\/12423","targetHints":{"allow":["GET"]}}],"collection":[{"href":"https:\/\/4cantosalagoas.com.br\/portal\/wp-json\/wp\/v2\/posts"}],"about":[{"href":"https:\/\/4cantosalagoas.com.br\/portal\/wp-json\/wp\/v2\/types\/post"}],"author":[{"embeddable":true,"href":"https:\/\/4cantosalagoas.com.br\/portal\/wp-json\/wp\/v2\/users\/1"}],"replies":[{"embeddable":true,"href":"https:\/\/4cantosalagoas.com.br\/portal\/wp-json\/wp\/v2\/comments?post=12423"}],"version-history":[{"count":1,"href":"https:\/\/4cantosalagoas.com.br\/portal\/wp-json\/wp\/v2\/posts\/12423\/revisions"}],"predecessor-version":[{"id":12425,"href":"https:\/\/4cantosalagoas.com.br\/portal\/wp-json\/wp\/v2\/posts\/12423\/revisions\/12425"}],"wp:featuredmedia":[{"embeddable":true,"href":"https:\/\/4cantosalagoas.com.br\/portal\/wp-json\/wp\/v2\/media\/12424"}],"wp:attachment":[{"href":"https:\/\/4cantosalagoas.com.br\/portal\/wp-json\/wp\/v2\/media?parent=12423"}],"wp:term":[{"taxonomy":"category","embeddable":true,"href":"https:\/\/4cantosalagoas.com.br\/portal\/wp-json\/wp\/v2\/categories?post=12423"},{"taxonomy":"post_tag","embeddable":true,"href":"https:\/\/4cantosalagoas.com.br\/portal\/wp-json\/wp\/v2\/tags?post=12423"}],"curies":[{"name":"wp","href":"https:\/\/api.w.org\/{rel}","templated":true}]}}