{"id":12325,"date":"2020-08-21T07:37:01","date_gmt":"2020-08-21T10:37:01","guid":{"rendered":"http:\/\/4cantosalagoas.com.br\/portal\/?p=12325"},"modified":"2020-08-21T07:37:05","modified_gmt":"2020-08-21T10:37:05","slug":"consumo-das-familias-de-maceio-tem-queda-pelo-quarto-mes-consecutivo","status":"publish","type":"post","link":"https:\/\/4cantosalagoas.com.br\/portal\/consumo-das-familias-de-maceio-tem-queda-pelo-quarto-mes-consecutivo\/","title":{"rendered":"Consumo das Fam\u00edlias de Macei\u00f3 tem queda pelo quarto m\u00eas consecutivo"},"content":{"rendered":"\n<figure class=\"wp-block-image\"><img fetchpriority=\"high\" decoding=\"async\" width=\"600\" height=\"450\" src=\"http:\/\/4cantosalagoas.com.br\/portal\/wp-content\/uploads\/2018\/05\/serr4.jpg\" alt=\"\" class=\"wp-image-3363\" srcset=\"https:\/\/4cantosalagoas.com.br\/portal\/wp-content\/uploads\/2018\/05\/serr4.jpg 600w, https:\/\/4cantosalagoas.com.br\/portal\/wp-content\/uploads\/2018\/05\/serr4-300x225.jpg 300w, https:\/\/4cantosalagoas.com.br\/portal\/wp-content\/uploads\/2018\/05\/serr4-375x281.jpg 375w, https:\/\/4cantosalagoas.com.br\/portal\/wp-content\/uploads\/2018\/05\/serr4-465x349.jpg 465w\" sizes=\"(max-width: 600px) 100vw, 600px\" \/><figcaption>Fecom\u00e9rcio AL (@FecomercioAL) | Twitter<\/figcaption><\/figure>\n\n\n\n<p>Pelo quarto m\u00eas consecutivo, o consumo de bens e servi\u00e7os registra queda em Macei\u00f3, conforme indica a pesquisa de Inten\u00e7\u00e3o de Consumo das Fam\u00edlias (ICF). Realizada pelo Instituto Fecom\u00e9rcio AL, em parceria com a Confedera\u00e7\u00e3o Nacional do Com\u00e9rcio de Bens, Servi\u00e7os e Turismo (CNC), a pesquisa demonstra uma queda de 2,5% na varia\u00e7\u00e3o mensal. No comparativo anual, as fam\u00edlias est\u00e3o consumindo 13,52% menos do que no mesmo m\u00eas do ano passado.<\/p>\n\n\n\n<p>Segundo o assessor econ\u00f4mico da Federa\u00e7\u00e3o do Com\u00e9rcio de Bens, Servi\u00e7os e Turismo do Estado de Alagoas (Fecom\u00e9rcio AL), Felippe Rocha, um dos principais motivos para esse recuo \u00e9 o medo dos consumidores em perderem seus empregos. \u201cNa compara\u00e7\u00e3o de julho ante junho, houve uma queda de 1,2% sobre a seguran\u00e7a de manterem seus atuais empregos. Quando isso ocorre, os consumidores tendem a frear seu consumo evitando qualquer surpresa adiante\u201d, avalia.<\/p>\n\n\n\n<p>Ainda de acordo com o levantamento, outro aspecto que freou o consumo foi a percep\u00e7\u00e3o dos indiv\u00edduos de que n\u00e3o ocorrer\u00e1 melhora profissional at\u00e9 o final do ano, tendo uma queda de 3% neste subindicador quando comparado a junho, o que, junto ao medo de perder o emprego, reduz a inten\u00e7\u00e3o de consumo.<\/p>\n\n\n\n<p>A renda atual caiu 1,5%, o que se explica devido \u00e0 pandemia e ao isolamento social. \u201cMuitos consumidores tiveram sua renda diminu\u00edda, seja por serem aut\u00f4nomos e passarem a receber o Aux\u00edlio Emergencial ou por atuarem em empresas que reduziram a carga hor\u00e1ria e, com isso, terem uma pequena queda na renda temporariamente\u201d, refor\u00e7a o economista.<\/p>\n\n\n\n<p>Em rela\u00e7\u00e3o \u00e0s compras a prazo, houve redu\u00e7\u00e3o de 0,7% em compara\u00e7\u00e3o a julho do ano passado. Queda maior foi registrada nas perspectivas de consumo at\u00e9 o final do ano, cujo recuo foi de 6,8%; mesmo percentual de baixa na inten\u00e7\u00e3o de aquisi\u00e7\u00e3o de bens dur\u00e1veis (televisores, geladeiras, carros, motos, etc.).<\/p>\n\n\n\n<p>Assessoria<\/p>\n","protected":false},"excerpt":{"rendered":"<p>Pelo quarto m\u00eas consecutivo, o consumo de bens e servi\u00e7os registra queda em Macei\u00f3, conforme indica a<\/p>\n","protected":false},"author":1,"featured_media":3363,"comment_status":"open","ping_status":"open","sticky":false,"template":"","format":"standard","meta":{"footnotes":""},"categories":[60],"tags":[],"class_list":["post-12325","post","type-post","status-publish","format-standard","has-post-thumbnail","hentry","category-capa"],"_links":{"self":[{"href":"https:\/\/4cantosalagoas.com.br\/portal\/wp-json\/wp\/v2\/posts\/12325","targetHints":{"allow":["GET"]}}],"collection":[{"href":"https:\/\/4cantosalagoas.com.br\/portal\/wp-json\/wp\/v2\/posts"}],"about":[{"href":"https:\/\/4cantosalagoas.com.br\/portal\/wp-json\/wp\/v2\/types\/post"}],"author":[{"embeddable":true,"href":"https:\/\/4cantosalagoas.com.br\/portal\/wp-json\/wp\/v2\/users\/1"}],"replies":[{"embeddable":true,"href":"https:\/\/4cantosalagoas.com.br\/portal\/wp-json\/wp\/v2\/comments?post=12325"}],"version-history":[{"count":1,"href":"https:\/\/4cantosalagoas.com.br\/portal\/wp-json\/wp\/v2\/posts\/12325\/revisions"}],"predecessor-version":[{"id":12326,"href":"https:\/\/4cantosalagoas.com.br\/portal\/wp-json\/wp\/v2\/posts\/12325\/revisions\/12326"}],"wp:featuredmedia":[{"embeddable":true,"href":"https:\/\/4cantosalagoas.com.br\/portal\/wp-json\/wp\/v2\/media\/3363"}],"wp:attachment":[{"href":"https:\/\/4cantosalagoas.com.br\/portal\/wp-json\/wp\/v2\/media?parent=12325"}],"wp:term":[{"taxonomy":"category","embeddable":true,"href":"https:\/\/4cantosalagoas.com.br\/portal\/wp-json\/wp\/v2\/categories?post=12325"},{"taxonomy":"post_tag","embeddable":true,"href":"https:\/\/4cantosalagoas.com.br\/portal\/wp-json\/wp\/v2\/tags?post=12325"}],"curies":[{"name":"wp","href":"https:\/\/api.w.org\/{rel}","templated":true}]}}