{"id":12322,"date":"2020-08-21T07:33:33","date_gmt":"2020-08-21T10:33:33","guid":{"rendered":"http:\/\/4cantosalagoas.com.br\/portal\/?p=12322"},"modified":"2020-08-21T07:33:38","modified_gmt":"2020-08-21T10:33:38","slug":"escola-tecnica-de-artes-da-ufal-promove-a-5a-edicao-do-encontro-de-cordas","status":"publish","type":"post","link":"https:\/\/4cantosalagoas.com.br\/portal\/escola-tecnica-de-artes-da-ufal-promove-a-5a-edicao-do-encontro-de-cordas\/","title":{"rendered":"Escola T\u00e9cnica de Artes da Ufal promove a 5\u00aa edi\u00e7\u00e3o do Encontro de Cordas"},"content":{"rendered":"\n<figure class=\"wp-block-image\"><img fetchpriority=\"high\" decoding=\"async\" width=\"799\" height=\"795\" src=\"http:\/\/4cantosalagoas.com.br\/portal\/wp-content\/uploads\/2020\/08\/se44.jpg\" alt=\"\" class=\"wp-image-12323\" srcset=\"https:\/\/4cantosalagoas.com.br\/portal\/wp-content\/uploads\/2020\/08\/se44.jpg 799w, https:\/\/4cantosalagoas.com.br\/portal\/wp-content\/uploads\/2020\/08\/se44-150x150.jpg 150w, https:\/\/4cantosalagoas.com.br\/portal\/wp-content\/uploads\/2020\/08\/se44-300x298.jpg 300w, https:\/\/4cantosalagoas.com.br\/portal\/wp-content\/uploads\/2020\/08\/se44-768x764.jpg 768w\" sizes=\"(max-width: 799px) 100vw, 799px\" \/><figcaption>Divulga\u00e7\u00e3o<\/figcaption><\/figure>\n\n\n\n<p>\n\nEntre os dias 31 de agosto e 04 de setembro, a Escola T\u00e9cnica de Artes da Universidade Federal de Alagoas (ETA\/UFAL) est\u00e1 promovendo a 5\u00aa edi\u00e7\u00e3o do Encontro de Cordas da Escola T\u00e9cnica de Artes da Ufal &#8211; ENCOETA, sob coordena\u00e7\u00e3o da professora Lilian Pereira. Pela primeira em forma virtual, o encontro convida professores de carreira nacional e internacional para bate-papos, aulas-palestras e mesas-redondas.<br>O encontro visa reunir estudantes, profissionais e amantes de instrumentos de cordas para debater e compartilhar conhecimentos e, em sua quinta edi\u00e7\u00e3o, esperasse que o p\u00fablico seja maior que as edi\u00e7\u00f5es presenciais anteriores por ser em um espa\u00e7o que possibilita uma grande propaga\u00e7\u00e3o e intera\u00e7\u00e3o; seguindo os modelos de eventos que est\u00e3o acontecendo durante o isolamento social.<br>Para fazer parte da 5\u00aa edi\u00e7\u00e3o do Encontro de Cordas foram convidados: Ms. Aline Lima, professora de violino e viola pelo m\u00e9todo Suzuki e pesquisadora da \u00e1rea de Neuroci\u00eancia Aplicada; Dr. Alessandro Borgomanero, violinista e professor de violino da Universidade Federal de Goi\u00e1s (UFG); Ms. David Gardner, violoncelista e professor de violoncelo da Universidade Federal de Goi\u00e1s (UFG); Dr. Oliver Yatsugafu, violinista e professor de violino da Universidade Federal do Mato Grosso (UFMT); Dra. R\u00fabia Naspolini, professora do curso de Pedagogia da Universidade Federal do Mato Grosso (UFMT) e pesquisadora da \u00e1rea da pedagogia do ensino\/aprendizagem do Instrumento; e Dr. Ulisses Silva, violista e professor de viola da Universidade Federal da Para\u00edba (UFPB).<br>Para participar \u00e9 preciso realizar inscri\u00e7\u00e3o gratuita, que ficam abertas at\u00e9 o dia 21 de agosto, pela plataforma Google Docs no link&nbsp;<a href=\"https:\/\/cutt.ly\/zfeZEnu\" target=\"_blank\" rel=\"noreferrer noopener\">https:\/\/cutt.ly\/zfeZEnu<\/a>. Para saber mais sobre o ENCOETA e outros eventos da Escola T\u00e9cnica de Artes da Ufal, basta seguir o perfil @eta.ufal no Instagram ou entrar em contato com Keka Rabelo 98849-2085 ou Lilian Perreira 9837-3466.<br><strong>Programa\u00e7\u00e3o:<\/strong><br>Dia 31\/0810h &#8211; Abertura oficial do V Encontro de Cordas da Escola T\u00e9cnica de Artes10h30 \u00e0s 12h30 &#8211; Aula-Palestra sobre &#8220;Ansiedade e Performance&#8221; com a Profa. Ms Aline A. Lima (UFPE)14h \u00e0s 16h &#8211; Mesa Redonda sobre &#8220;Distonia focal em M\u00fasicos: mitos e o enfrentamento real\u201d com a participa\u00e7\u00e3o do Prof Dr. Oliver Yatsugafu (UFMT) e o Prof. Ms. David Gardner (UFG), sob a media\u00e7\u00e3o da Profa.Ms.Lilian Pereira (ETA\/UFAL) &#8211; Debate e espa\u00e7o aberto para perguntas dos alunos.<br>Dia 01\/0910h00 \u00e0s 12h00 &#8211; Aula-Palestra sobre &#8220;A Pedagogia no ensino do instrumento&#8221; com a Profa. Dra R\u00fabia Naspolini (UFMT)13h30 \u00e0s 14h30 &#8211; Bate papo com o prof Dr. Oliver Yatsugafu \u2013 Violino &#8211; sob media\u00e7\u00e3o da Profa. L\u00edlian Pereira14h30 \u00e0s 17h \u2013 Aula aberta de Violino prof. Dr. Oliver Yatsugafu (UFMT)<br>Dia 02\/0913h30 \u00e0s 14h30 &#8211; Bate papo com prof. Alessandro Borgomanero \u2013 Violino &#8211; sob media\u00e7\u00e3o da Profa. L\u00edlian Pereira14h30 \u00e0s 17h \u2013 Aula aberta de Violino com prof. Alessandro Borgomanero (UFG)<br>Dia 03\/0913h30 \u00e0s 14h30 &#8211; Bate papo com prof. Ulisses Silva \u2013 Viola &#8211; sob media\u00e7\u00e3o da Profa. L\u00edlian Pereira14h30 \u00e0s 17h \u2013 Aula aberta de Viola com o prof. Dr Ulisses Silva (UFPB)<br>Dia 04\/0913h30 \u00e0s 14h30 &#8211; Bate papo com prof. Ms. David Gardner &#8211; Violoncelo &#8211; sob media\u00e7\u00e3o da Profa. L\u00edlian Pereira14h30 \u00e0s 17h \u2013 Aula aberta de Violoncelo com o prof. Ms. David Gardner (UFG)<\/p>\n\n\n\n<p><em>Texto de Pei Shung Fon, bolsista de Rela\u00e7\u00f5es P\u00fablicas do Projeto Bureau de Comunica\u00e7\u00e3o Comunit\u00e1ria on-line no combate \u00e0 Covid-19 &#8211; AGERP-UFAL, coordenado pela professora Manuela Callou e Keka Rabelo, da Universidade Federal de Alagoas e Escola T\u00e9cnica de Artes &#8211; ETA<\/em><\/p>\n\n\n\n<p>Assessoria<\/p>\n","protected":false},"excerpt":{"rendered":"<p>Entre os dias 31 de agosto e 04 de setembro, a Escola T\u00e9cnica de Artes da Universidade<\/p>\n","protected":false},"author":1,"featured_media":12323,"comment_status":"open","ping_status":"open","sticky":false,"template":"","format":"standard","meta":{"footnotes":""},"categories":[60],"tags":[],"class_list":["post-12322","post","type-post","status-publish","format-standard","has-post-thumbnail","hentry","category-capa"],"_links":{"self":[{"href":"https:\/\/4cantosalagoas.com.br\/portal\/wp-json\/wp\/v2\/posts\/12322","targetHints":{"allow":["GET"]}}],"collection":[{"href":"https:\/\/4cantosalagoas.com.br\/portal\/wp-json\/wp\/v2\/posts"}],"about":[{"href":"https:\/\/4cantosalagoas.com.br\/portal\/wp-json\/wp\/v2\/types\/post"}],"author":[{"embeddable":true,"href":"https:\/\/4cantosalagoas.com.br\/portal\/wp-json\/wp\/v2\/users\/1"}],"replies":[{"embeddable":true,"href":"https:\/\/4cantosalagoas.com.br\/portal\/wp-json\/wp\/v2\/comments?post=12322"}],"version-history":[{"count":1,"href":"https:\/\/4cantosalagoas.com.br\/portal\/wp-json\/wp\/v2\/posts\/12322\/revisions"}],"predecessor-version":[{"id":12324,"href":"https:\/\/4cantosalagoas.com.br\/portal\/wp-json\/wp\/v2\/posts\/12322\/revisions\/12324"}],"wp:featuredmedia":[{"embeddable":true,"href":"https:\/\/4cantosalagoas.com.br\/portal\/wp-json\/wp\/v2\/media\/12323"}],"wp:attachment":[{"href":"https:\/\/4cantosalagoas.com.br\/portal\/wp-json\/wp\/v2\/media?parent=12322"}],"wp:term":[{"taxonomy":"category","embeddable":true,"href":"https:\/\/4cantosalagoas.com.br\/portal\/wp-json\/wp\/v2\/categories?post=12322"},{"taxonomy":"post_tag","embeddable":true,"href":"https:\/\/4cantosalagoas.com.br\/portal\/wp-json\/wp\/v2\/tags?post=12322"}],"curies":[{"name":"wp","href":"https:\/\/api.w.org\/{rel}","templated":true}]}}