{"id":12282,"date":"2020-08-18T07:54:45","date_gmt":"2020-08-18T10:54:45","guid":{"rendered":"http:\/\/4cantosalagoas.com.br\/portal\/?p=12282"},"modified":"2020-08-18T07:54:51","modified_gmt":"2020-08-18T10:54:51","slug":"armas-de-fogo-sao-retiradas-de-circulacao-por-equipes-da-pm-na-capital-e-interior","status":"publish","type":"post","link":"https:\/\/4cantosalagoas.com.br\/portal\/armas-de-fogo-sao-retiradas-de-circulacao-por-equipes-da-pm-na-capital-e-interior\/","title":{"rendered":"Armas de fogo s\u00e3o retiradas de circula\u00e7\u00e3o por equipes da PM na capital e interior"},"content":{"rendered":"\n<figure class=\"wp-block-image\"><img fetchpriority=\"high\" decoding=\"async\" width=\"600\" height=\"600\" src=\"http:\/\/4cantosalagoas.com.br\/portal\/wp-content\/uploads\/2020\/08\/rdr.jpg\" alt=\"\" class=\"wp-image-12283\" srcset=\"https:\/\/4cantosalagoas.com.br\/portal\/wp-content\/uploads\/2020\/08\/rdr.jpg 600w, https:\/\/4cantosalagoas.com.br\/portal\/wp-content\/uploads\/2020\/08\/rdr-150x150.jpg 150w, https:\/\/4cantosalagoas.com.br\/portal\/wp-content\/uploads\/2020\/08\/rdr-300x300.jpg 300w\" sizes=\"(max-width: 600px) 100vw, 600px\" \/><figcaption>Assessoria<\/figcaption><\/figure>\n\n\n\n<p>A Pol\u00edcia Militar de Alagoas, atrav\u00e9s de suas Unidades Operacionais, no \u00faltimo domingo (16), registraram a apreens\u00e3o de armas de fogo na capital e no interior de Alagoas.<\/p>\n\n\n\n<p><strong>2\u00ba BPM<\/strong><\/p>\n\n\n\n<p>A equipe do Cisp Murici foi acionada pelo COPOM para averiguar uma situa\u00e7\u00e3o de amea\u00e7a com o emprego de arma de fogo no Assentamento Artur Martin, naquela cidade. Os militares constataram o fato e a espingarda artesanal usada para a pr\u00e1tica do delito foi apreendida na resid\u00eancia do autor de 39 anos. Ele foi detido e encaminhado \u00e0 11\u00aa Delegacia Regional de Pol\u00edcia, sediada na cidade de Uni\u00e3o dos Palmares, e autuado por posse Ilegal de arma de fogo.<\/p>\n\n\n\n<p><strong>4\u00ba BPM<\/strong><\/p>\n\n\n\n<p>No Povoado Pedras, em Marechal Deodoro, uma a\u00e7\u00e3o foi deflagrada pelas equipes da Supervis\u00e3o e For\u00e7a T\u00e1tica do 4\u00ba BPM, com o apoio da 5\u00aa Companhia Independente, para averiguar uma poss\u00edvel festa de fac\u00e7\u00e3o criminosa onde possivelmente teria arma e drogas. Ao chegarem ao local os policiais constataram que havia um evento acontecendo e revistaram os presentes.<\/p>\n\n\n\n<p>Durante a revista pessoal em um jovem de 19 anos foi encontrado e aprteendido um rev\u00f3lver calibre 38 com seis muni\u00e7\u00f5es intactas e, em uma bolsa infantil que estava ao seu lado, a quantia de R$ 2.983 em notas de pequeno valor, 260 gramas de maconha e uma balan\u00e7a de precis\u00e3o. Ele foi conduzido \u00e0 Central de Flagrantes para a realiza\u00e7\u00e3o dos os procedimentos cab\u00edveis.<\/p>\n\n\n\n<p><strong>Batalh\u00e3o de Pol\u00edcia de Radiopatrulha<\/strong><\/p>\n\n\n\n<p>Durante patrulhamento a RP 02 e RP 03 receberam uma den\u00fancia de tr\u00e1fico de drogas em um vila no bairro da Santa L\u00facia. Os policiais se deslocaram at\u00e9 o local para averiguar a situa\u00e7\u00e3o e chegando l\u00e1 foi solicitado a autoriza\u00e7\u00e3o para realizar a busca domiciliar.<\/p>\n\n\n\n<p>Durante a revista foi encontrado um rev\u00f3lver calibre 38 com duas muni\u00e7\u00f5es intactas, 120 gramas de coca\u00edna e uma balan\u00e7a de precis\u00e3o. O indiv\u00edduo foi conduzido para Central de Flagrantes para procedimentos cab\u00edveis.<\/p>\n\n\n\n<p><strong>5\u00aa Companhia Independente<\/strong><\/p>\n\n\n\n<p>J\u00e1 nas primeiras horas desta segunda (17), a guarni\u00e7\u00e3o Laguna I foi acionada pelo COPOM para verificar um suposto porte ilegal de arma de fogo em uma resid\u00eancia da Rua Jardim do Calmo.<\/p>\n\n\n\n<p>Com o apoio da For\u00e7a T\u00e1tica as equipes foram ao local e encontraram o im\u00f3vel com a porta aberta e as luzes acesas, por\u00e9m sem ningu\u00e9m na casa. tentamos obter contato com a solicitante. Percebendo que n\u00e3o se encontrava ningu\u00e9m no im\u00f3vel resolvemos fazer umaAp\u00f3s uma busca no per\u00edmetro externo os militares localizaram e apreenderam uma espingarda calibre 12 com 10 muni\u00e7\u00f5es intactas que foi entregue na Central de Flagrantes para que fossem adotadas as medidas cab\u00edveis.<\/p>\n\n\n\n<p>Assessoria<\/p>\n","protected":false},"excerpt":{"rendered":"<p>A Pol\u00edcia Militar de Alagoas, atrav\u00e9s de suas Unidades Operacionais, no \u00faltimo domingo (16), registraram a apreens\u00e3o<\/p>\n","protected":false},"author":1,"featured_media":12283,"comment_status":"open","ping_status":"open","sticky":false,"template":"","format":"standard","meta":{"footnotes":""},"categories":[60],"tags":[],"class_list":["post-12282","post","type-post","status-publish","format-standard","has-post-thumbnail","hentry","category-capa"],"_links":{"self":[{"href":"https:\/\/4cantosalagoas.com.br\/portal\/wp-json\/wp\/v2\/posts\/12282","targetHints":{"allow":["GET"]}}],"collection":[{"href":"https:\/\/4cantosalagoas.com.br\/portal\/wp-json\/wp\/v2\/posts"}],"about":[{"href":"https:\/\/4cantosalagoas.com.br\/portal\/wp-json\/wp\/v2\/types\/post"}],"author":[{"embeddable":true,"href":"https:\/\/4cantosalagoas.com.br\/portal\/wp-json\/wp\/v2\/users\/1"}],"replies":[{"embeddable":true,"href":"https:\/\/4cantosalagoas.com.br\/portal\/wp-json\/wp\/v2\/comments?post=12282"}],"version-history":[{"count":1,"href":"https:\/\/4cantosalagoas.com.br\/portal\/wp-json\/wp\/v2\/posts\/12282\/revisions"}],"predecessor-version":[{"id":12284,"href":"https:\/\/4cantosalagoas.com.br\/portal\/wp-json\/wp\/v2\/posts\/12282\/revisions\/12284"}],"wp:featuredmedia":[{"embeddable":true,"href":"https:\/\/4cantosalagoas.com.br\/portal\/wp-json\/wp\/v2\/media\/12283"}],"wp:attachment":[{"href":"https:\/\/4cantosalagoas.com.br\/portal\/wp-json\/wp\/v2\/media?parent=12282"}],"wp:term":[{"taxonomy":"category","embeddable":true,"href":"https:\/\/4cantosalagoas.com.br\/portal\/wp-json\/wp\/v2\/categories?post=12282"},{"taxonomy":"post_tag","embeddable":true,"href":"https:\/\/4cantosalagoas.com.br\/portal\/wp-json\/wp\/v2\/tags?post=12282"}],"curies":[{"name":"wp","href":"https:\/\/api.w.org\/{rel}","templated":true}]}}