{"id":12216,"date":"2020-08-12T08:18:02","date_gmt":"2020-08-12T11:18:02","guid":{"rendered":"http:\/\/4cantosalagoas.com.br\/portal\/?p=12216"},"modified":"2020-08-12T08:18:08","modified_gmt":"2020-08-12T11:18:08","slug":"maceio-avanca-para-a-fase-azul-na-proxima-segunda-feira-17","status":"publish","type":"post","link":"https:\/\/4cantosalagoas.com.br\/portal\/maceio-avanca-para-a-fase-azul-na-proxima-segunda-feira-17\/","title":{"rendered":"Macei\u00f3 avan\u00e7a para a fase azul na pr\u00f3xima segunda-feira (17)"},"content":{"rendered":"\n<figure class=\"wp-block-image\"><img fetchpriority=\"high\" decoding=\"async\" width=\"600\" height=\"400\" src=\"http:\/\/4cantosalagoas.com.br\/portal\/wp-content\/uploads\/2020\/08\/faz.jpg\" alt=\"\" class=\"wp-image-12217\" srcset=\"https:\/\/4cantosalagoas.com.br\/portal\/wp-content\/uploads\/2020\/08\/faz.jpg 600w, https:\/\/4cantosalagoas.com.br\/portal\/wp-content\/uploads\/2020\/08\/faz-300x200.jpg 300w\" sizes=\"(max-width: 600px) 100vw, 600px\" \/><figcaption> <br>O M\u00e9dio e o Alto Sert\u00e3o seguem na fase laranja em virtude do espraiamento da doen\u00e7a para essas regi\u00f5es, explicou Renan Filho Foto\/<em>M\u00e1rcio Ferreira<\/em> <\/figcaption><\/figure>\n\n\n\n<p>\n\nA partir da pr\u00f3xima segunda-feira (17), a cidade de Macei\u00f3 avan\u00e7a para a fase azul do Plano de Distanciamento Social Controlado e os demais munic\u00edpios do estado passam \u00e0 bandeira amarela, com exce\u00e7\u00e3o dos localizados na 9\u00aa e 10\u00aa Regi\u00e3o Sanit\u00e1ria (M\u00e9dio e Alto Sert\u00e3o alagoano), que permanecem na fase laranja. O an\u00fancio foi feito pelo governador Renan Filho em coletiva de imprensa, nesta ter\u00e7a (11), quando foi apresentada a situa\u00e7\u00e3o epidemiol\u00f3gica de Alagoas em rela\u00e7\u00e3o \u00e0 pandemia da Covid-19.<\/p>\n\n\n\n<p>\u201cTemos um avan\u00e7o em boa parte do interior do estado e na capital. O M\u00e9dio e o Alto Sert\u00e3o seguem ainda na fase laranja em virtude do espraiamento da doen\u00e7a para essas regi\u00f5es. N\u00f3s achamos mais prudente observar essa parte do estado para evoluir \u00e0 fase amarela mais adiante\u201d, explicou o governador.<\/p>\n\n\n\n<p>A fase azul permite, em Macei\u00f3, que bares, restaurantes, templos, igrejas, institui\u00e7\u00f5es religiosas em geral aumentem seu p\u00fablico para 75% do aforo total. J\u00e1 as academias, clubes e centros de gin\u00e1stica continuam operando com 50% da capacidade na capital alagoana. O transporte intermunicipal tamb\u00e9m permanece com os atuais 50% da frota. Todos os setores autorizados a funcionar devem obedecer \u00e0s medidas previstas no Protocolo Sanit\u00e1rio do Estado.<\/p>\n\n\n\n<p>No interior, os munic\u00edpios que passam \u00e0 fase amarela poder\u00e3o abrir bares, restaurantes, shoppings centers, galerias, centros comerciais e cong\u00eaneres com 50% da capacidade; transportes intermunicipais e tur\u00edsticos tamb\u00e9m poder\u00e3o operar com 50% da capacidade; templos e igrejas com amplia\u00e7\u00e3o para 60% do p\u00fablico; e fica permitida a abertura de lojas e estabelecimentos de rua acima de 400 m\u00b2.<\/p>\n\n\n\n<p>A exce\u00e7\u00e3o s\u00e3o as cidades integrantes da 9\u00aa e da 10\u00aa Regi\u00e3o Sanit\u00e1ria, que continuam na bandeira laranja. S\u00e3o elas: \u00c1gua Branca, Canapi, Carneiros, Delmiro Gouveia, Dois Riachos, Inhapi, Mata Grande, Maravilha, Monteir\u00f3polis, Olho d&#8217;\u00c1gua das Flores, Oliven\u00e7a, Olho d&#8217;\u00c1gua do Casado, Ouro Branco, Palestina, P\u00e3o de A\u00e7\u00facar, Pariconha, Piranhas, Po\u00e7o das Trincheiras, Santana do Ipanema, S\u00e3o Jos\u00e9 da Tapera e Senador Rui Palmeira. <\/p>\n\n\n\n<p>Assessoria<\/p>\n","protected":false},"excerpt":{"rendered":"<p>A partir da pr\u00f3xima segunda-feira (17), a cidade de Macei\u00f3 avan\u00e7a para a fase azul do Plano<\/p>\n","protected":false},"author":1,"featured_media":12217,"comment_status":"open","ping_status":"open","sticky":false,"template":"","format":"standard","meta":{"footnotes":""},"categories":[60],"tags":[],"class_list":["post-12216","post","type-post","status-publish","format-standard","has-post-thumbnail","hentry","category-capa"],"_links":{"self":[{"href":"https:\/\/4cantosalagoas.com.br\/portal\/wp-json\/wp\/v2\/posts\/12216","targetHints":{"allow":["GET"]}}],"collection":[{"href":"https:\/\/4cantosalagoas.com.br\/portal\/wp-json\/wp\/v2\/posts"}],"about":[{"href":"https:\/\/4cantosalagoas.com.br\/portal\/wp-json\/wp\/v2\/types\/post"}],"author":[{"embeddable":true,"href":"https:\/\/4cantosalagoas.com.br\/portal\/wp-json\/wp\/v2\/users\/1"}],"replies":[{"embeddable":true,"href":"https:\/\/4cantosalagoas.com.br\/portal\/wp-json\/wp\/v2\/comments?post=12216"}],"version-history":[{"count":1,"href":"https:\/\/4cantosalagoas.com.br\/portal\/wp-json\/wp\/v2\/posts\/12216\/revisions"}],"predecessor-version":[{"id":12218,"href":"https:\/\/4cantosalagoas.com.br\/portal\/wp-json\/wp\/v2\/posts\/12216\/revisions\/12218"}],"wp:featuredmedia":[{"embeddable":true,"href":"https:\/\/4cantosalagoas.com.br\/portal\/wp-json\/wp\/v2\/media\/12217"}],"wp:attachment":[{"href":"https:\/\/4cantosalagoas.com.br\/portal\/wp-json\/wp\/v2\/media?parent=12216"}],"wp:term":[{"taxonomy":"category","embeddable":true,"href":"https:\/\/4cantosalagoas.com.br\/portal\/wp-json\/wp\/v2\/categories?post=12216"},{"taxonomy":"post_tag","embeddable":true,"href":"https:\/\/4cantosalagoas.com.br\/portal\/wp-json\/wp\/v2\/tags?post=12216"}],"curies":[{"name":"wp","href":"https:\/\/api.w.org\/{rel}","templated":true}]}}