{"id":12207,"date":"2020-08-11T11:07:25","date_gmt":"2020-08-11T14:07:25","guid":{"rendered":"http:\/\/4cantosalagoas.com.br\/portal\/?p=12207"},"modified":"2020-08-11T11:07:31","modified_gmt":"2020-08-11T14:07:31","slug":"homem-e-preso-por-venda-ilegal-de-combustivel-no-interior-do-estado","status":"publish","type":"post","link":"https:\/\/4cantosalagoas.com.br\/portal\/homem-e-preso-por-venda-ilegal-de-combustivel-no-interior-do-estado\/","title":{"rendered":"Homem \u00e9 preso por venda ilegal de combust\u00edvel no interior do Estado"},"content":{"rendered":"\n<figure class=\"wp-block-image\"><img fetchpriority=\"high\" decoding=\"async\" width=\"750\" height=\"500\" src=\"http:\/\/4cantosalagoas.com.br\/portal\/wp-content\/uploads\/2020\/08\/bhv.jpg\" alt=\"\" class=\"wp-image-12208\" srcset=\"https:\/\/4cantosalagoas.com.br\/portal\/wp-content\/uploads\/2020\/08\/bhv.jpg 750w, https:\/\/4cantosalagoas.com.br\/portal\/wp-content\/uploads\/2020\/08\/bhv-300x200.jpg 300w\" sizes=\"(max-width: 750px) 100vw, 750px\" \/><figcaption>Assessoria<\/figcaption><\/figure>\n\n\n\n<p>Policiais civis da Se\u00e7\u00e3o Antissequestro, da Divis\u00e3o Especial de Investiga\u00e7\u00e3o e Capturas (Deic), prenderam um homem de 25 anos em flagrante por venda ilegal de combust\u00edvel no munic\u00edpio de Flexeiras, no interior de Alagoas, nesta segunda-feira (10).<\/p>\n\n\n\n<p>Os policiais foram at\u00e9 o local fazer&nbsp;levantamento da situa\u00e7\u00e3o ap\u00f3s uma informa\u00e7\u00e3o ter chegado ao Disque Den\u00fancia 181.<\/p>\n\n\n\n<p>O homem preso disse que vendia o produto porque na localidade,&nbsp;conhecida como \u201cFlexeirinhas\u201d, n\u00e3o tem posto de combust\u00edvel. Ele alegou que compra o produto a R$ 4,30 e revende por R$ 5,00. Inclusive no momento que os policiais estavam no local chegou uma pessoa para abastecer o ve\u00edculo.<\/p>\n\n\n\n<p>Depois de detido, o homem foi trazido para a sede da Deic, em Macei\u00f3, para a confec\u00e7\u00e3o dos procedimentos cab\u00edveis.<\/p>\n\n\n\n<p>Assessoria<\/p>\n","protected":false},"excerpt":{"rendered":"<p>Policiais civis da Se\u00e7\u00e3o Antissequestro, da Divis\u00e3o Especial de Investiga\u00e7\u00e3o e Capturas (Deic), prenderam um homem de<\/p>\n","protected":false},"author":1,"featured_media":12208,"comment_status":"open","ping_status":"open","sticky":false,"template":"","format":"standard","meta":{"footnotes":""},"categories":[60],"tags":[],"class_list":["post-12207","post","type-post","status-publish","format-standard","has-post-thumbnail","hentry","category-capa"],"_links":{"self":[{"href":"https:\/\/4cantosalagoas.com.br\/portal\/wp-json\/wp\/v2\/posts\/12207","targetHints":{"allow":["GET"]}}],"collection":[{"href":"https:\/\/4cantosalagoas.com.br\/portal\/wp-json\/wp\/v2\/posts"}],"about":[{"href":"https:\/\/4cantosalagoas.com.br\/portal\/wp-json\/wp\/v2\/types\/post"}],"author":[{"embeddable":true,"href":"https:\/\/4cantosalagoas.com.br\/portal\/wp-json\/wp\/v2\/users\/1"}],"replies":[{"embeddable":true,"href":"https:\/\/4cantosalagoas.com.br\/portal\/wp-json\/wp\/v2\/comments?post=12207"}],"version-history":[{"count":1,"href":"https:\/\/4cantosalagoas.com.br\/portal\/wp-json\/wp\/v2\/posts\/12207\/revisions"}],"predecessor-version":[{"id":12209,"href":"https:\/\/4cantosalagoas.com.br\/portal\/wp-json\/wp\/v2\/posts\/12207\/revisions\/12209"}],"wp:featuredmedia":[{"embeddable":true,"href":"https:\/\/4cantosalagoas.com.br\/portal\/wp-json\/wp\/v2\/media\/12208"}],"wp:attachment":[{"href":"https:\/\/4cantosalagoas.com.br\/portal\/wp-json\/wp\/v2\/media?parent=12207"}],"wp:term":[{"taxonomy":"category","embeddable":true,"href":"https:\/\/4cantosalagoas.com.br\/portal\/wp-json\/wp\/v2\/categories?post=12207"},{"taxonomy":"post_tag","embeddable":true,"href":"https:\/\/4cantosalagoas.com.br\/portal\/wp-json\/wp\/v2\/tags?post=12207"}],"curies":[{"name":"wp","href":"https:\/\/api.w.org\/{rel}","templated":true}]}}