{"id":12204,"date":"2020-08-11T07:21:57","date_gmt":"2020-08-11T10:21:57","guid":{"rendered":"http:\/\/4cantosalagoas.com.br\/portal\/?p=12204"},"modified":"2020-08-11T07:22:02","modified_gmt":"2020-08-11T10:22:02","slug":"pontos-de-parada-de-onibus-serao-reordenados-no-centro","status":"publish","type":"post","link":"https:\/\/4cantosalagoas.com.br\/portal\/pontos-de-parada-de-onibus-serao-reordenados-no-centro\/","title":{"rendered":"Pontos de parada de \u00f4nibus ser\u00e3o reordenados no Centro"},"content":{"rendered":"\n<figure class=\"wp-block-image\"><img fetchpriority=\"high\" decoding=\"async\" width=\"1147\" height=\"813\" src=\"https:\/\/i2.wp.com\/4cantosalagoas.com.br\/portal\/wp-content\/uploads\/2020\/08\/Screenshot_3.png?fit=1024%2C726\" alt=\"\" class=\"wp-image-12205\" srcset=\"https:\/\/4cantosalagoas.com.br\/portal\/wp-content\/uploads\/2020\/08\/Screenshot_3.png 1147w, https:\/\/4cantosalagoas.com.br\/portal\/wp-content\/uploads\/2020\/08\/Screenshot_3-300x213.png 300w, https:\/\/4cantosalagoas.com.br\/portal\/wp-content\/uploads\/2020\/08\/Screenshot_3-768x544.png 768w, https:\/\/4cantosalagoas.com.br\/portal\/wp-content\/uploads\/2020\/08\/Screenshot_3-1024x726.png 1024w\" sizes=\"(max-width: 1147px) 100vw, 1147px\" \/><figcaption> <br>Pontos de parada de \u00f4nibus ser\u00e3o reordenados no Centro a partir desta ter\u00e7a-feira (11). Foto: Divulga\u00e7\u00e3o <\/figcaption><\/figure>\n\n\n\n<p> A partir desta ter\u00e7a-feira (11), os pontos de paradas de \u00f4nibus localizados ao longo da ruas do Com\u00e9rcio e das \u00c1rvores, e da Avenida Moreira Lima, no Centro de Macei\u00f3, ser\u00e3o reordenados. A interven\u00e7\u00e3o tem o intuito de incentivar a forma\u00e7\u00e3o das filas, al\u00e9m de proporcionar maior conforto aos usu\u00e1rios durante o embarque nos coletivos do Sistema Integrado de Mobilidade de Macei\u00f3 (SIMM). <\/p>\n\n\n\n<p><\/p>\n\n\n\n<p>No local, foi realizada a pintura asf\u00e1ltica demarcando os locais de parada de cada linha de \u00f4nibus. Novas placas de sinaliza\u00e7\u00e3o tamb\u00e9m foram instaladas para melhor orientar os maceioenses e auxiliar na forma\u00e7\u00e3o de filas \u00fanicas para um embarque mais seguro. O projeto foi elaborado pelo vereador Lob\u00e3o.<\/p>\n\n\n\n<p>Assessoria<\/p>\n","protected":false},"excerpt":{"rendered":"<p>A partir desta ter\u00e7a-feira (11), os pontos de paradas de \u00f4nibus localizados ao longo da ruas do<\/p>\n","protected":false},"author":1,"featured_media":12205,"comment_status":"open","ping_status":"open","sticky":false,"template":"","format":"standard","meta":{"footnotes":""},"categories":[5],"tags":[],"class_list":["post-12204","post","type-post","status-publish","format-standard","has-post-thumbnail","hentry","category-maceio"],"_links":{"self":[{"href":"https:\/\/4cantosalagoas.com.br\/portal\/wp-json\/wp\/v2\/posts\/12204","targetHints":{"allow":["GET"]}}],"collection":[{"href":"https:\/\/4cantosalagoas.com.br\/portal\/wp-json\/wp\/v2\/posts"}],"about":[{"href":"https:\/\/4cantosalagoas.com.br\/portal\/wp-json\/wp\/v2\/types\/post"}],"author":[{"embeddable":true,"href":"https:\/\/4cantosalagoas.com.br\/portal\/wp-json\/wp\/v2\/users\/1"}],"replies":[{"embeddable":true,"href":"https:\/\/4cantosalagoas.com.br\/portal\/wp-json\/wp\/v2\/comments?post=12204"}],"version-history":[{"count":1,"href":"https:\/\/4cantosalagoas.com.br\/portal\/wp-json\/wp\/v2\/posts\/12204\/revisions"}],"predecessor-version":[{"id":12206,"href":"https:\/\/4cantosalagoas.com.br\/portal\/wp-json\/wp\/v2\/posts\/12204\/revisions\/12206"}],"wp:featuredmedia":[{"embeddable":true,"href":"https:\/\/4cantosalagoas.com.br\/portal\/wp-json\/wp\/v2\/media\/12205"}],"wp:attachment":[{"href":"https:\/\/4cantosalagoas.com.br\/portal\/wp-json\/wp\/v2\/media?parent=12204"}],"wp:term":[{"taxonomy":"category","embeddable":true,"href":"https:\/\/4cantosalagoas.com.br\/portal\/wp-json\/wp\/v2\/categories?post=12204"},{"taxonomy":"post_tag","embeddable":true,"href":"https:\/\/4cantosalagoas.com.br\/portal\/wp-json\/wp\/v2\/tags?post=12204"}],"curies":[{"name":"wp","href":"https:\/\/api.w.org\/{rel}","templated":true}]}}