{"id":12151,"date":"2020-08-06T18:08:26","date_gmt":"2020-08-06T21:08:26","guid":{"rendered":"http:\/\/4cantosalagoas.com.br\/portal\/?p=12151"},"modified":"2020-08-06T18:08:32","modified_gmt":"2020-08-06T21:08:32","slug":"nova-linha-de-onibus-atendera-litoral-norte-a-partir-deste-sabado","status":"publish","type":"post","link":"https:\/\/4cantosalagoas.com.br\/portal\/nova-linha-de-onibus-atendera-litoral-norte-a-partir-deste-sabado\/","title":{"rendered":"Nova linha de \u00f4nibus atender\u00e1 Litoral Norte a partir deste s\u00e1bado"},"content":{"rendered":"\n<figure class=\"wp-block-image\"><img fetchpriority=\"high\" decoding=\"async\" width=\"1024\" height=\"683\" src=\"https:\/\/i0.wp.com\/4cantosalagoas.com.br\/portal\/wp-content\/uploads\/2020\/08\/9a.jpg?fit=1024%2C683\" alt=\"\" class=\"wp-image-12152\" srcset=\"https:\/\/4cantosalagoas.com.br\/portal\/wp-content\/uploads\/2020\/08\/9a.jpg 1024w, https:\/\/4cantosalagoas.com.br\/portal\/wp-content\/uploads\/2020\/08\/9a-300x200.jpg 300w, https:\/\/4cantosalagoas.com.br\/portal\/wp-content\/uploads\/2020\/08\/9a-768x512.jpg 768w\" sizes=\"(max-width: 1024px) 100vw, 1024px\" \/><figcaption> <br>Linha 226 \u2013 Ipioca\/ Trapiche (via Po\u00e7o) atender\u00e1 aos moradores de Ipioca, Sa\u00fade e Pescaria, a partir de s\u00e1bado (08). Foto: Pei Fon\/ Secom Macei\u00f3 <\/figcaption><\/figure>\n\n\n\n<p> Para melhor atender \u00e0s demandas dos passageiros do transporte p\u00fablico do Litoral Norte, a Superintend\u00eancia Municipal de Transportes e Tr\u00e2nsito (SMTT) implantar\u00e1, a partir deste s\u00e1bado (08), a nova linha \u00f4nibus 226 \u2013 Ipioca\/ Trapiche (via Po\u00e7o), no Sistema Integrado de Mobilidade de Macei\u00f3 (SIMM). As viagens ser\u00e3o realizadas pela empresa Cidade de Macei\u00f3 e beneficiar\u00e3o os moradores das regi\u00f5es de Ipioca, Sa\u00fade e Pescaria. <\/p>\n\n\n\n<p>Todos os hor\u00e1rios das viagens da linha 226 \u2013 Ipioca\/ Trapiche (via Po\u00e7o) poder\u00e3o ser consultados pela popula\u00e7\u00e3o atrav\u00e9s do aplicativo CittaMobi, nas primeiras horas da manh\u00e3 de s\u00e1bado (08).<\/p>\n\n\n\n<p>Com a implanta\u00e7\u00e3o da nova linha 226, os usu\u00e1rios do SIMM que tiverem em m\u00e3os um Cart\u00e3o Bem Legal de qualquer modalidade na hora do embarque, poder\u00e3o se deslocar para outros bairros de Macei\u00f3 utilizando uma das 11 op\u00e7\u00f5es de integra\u00e7\u00e3o temporal que ser\u00e3o disponibilizadas.<\/p>\n\n\n\n<p><strong>Confira abaixo a lista<\/strong><\/p>\n\n\n\n<p>017 \u2013 S\u00e3o Jorge\/Centro\/Ponta Verde\/Iguatemi<br>024 \u2013 Gruta de Lourdes\/ Centro\/ Rotary (via Josepha de Melo)<br>041 \u2013 Feitosa\/Centro\/Farol (Terminal Cruz das Almas)<br>208 \u2013 Jacarecica\/ Bela Vista\/Vergel\/Cruz Das Almas<br>221 \u2013 Sa\u00fade\/Cruz das Almas (alimentadora)<br>603 \u2013 Vergel\/Mirante<br>604 \u2013 Eust\u00e1quio Gomes\/ Cruz Das Almas<br>609 \u2013 Vila Saem\/ Iguatemi (via Av. Fernandes Lima\/ Parque Shopping)<br>708 \u2013 Cruz Das Almas\/ Ponta Verde\/T. Rodovi\u00e1rio\/Jacintinho<br>1019 \u2013 Alto De Ipioca\/Al 101 Norte<br>1020 \u2013 Cruz Das Almas\/S\u00e3o Jorge (Via Jacarecica)<\/p>\n\n\n\n<p>A integra\u00e7\u00e3o temporal \u00e9 um benef\u00edcio ofertado aos usu\u00e1rios do transporte p\u00fablico de Macei\u00f3 que utilizam o Cart\u00e3o Bem Legal em qualquer modalidade e possibilita o uso de mais de um coletivo pagando apenas por uma tarifa. Para desfrutar da vantagem e economizar, \u00e9 preciso se atentar ao prazo m\u00e1ximo de 90 minutos, que come\u00e7a a ser contado a partir do momento em que o cart\u00e3o passa no validador do primeiro ve\u00edculo.<\/p>\n\n\n\n<p><strong>Suspens\u00e3o de linha 103<\/strong><\/p>\n\n\n\n<p>A SMTT comunica, ainda, que a linha 103 \u2013 Mirante\/ Trapiche (via Po\u00e7o) deixar\u00e1 de operar no SIMM tamb\u00e9m a partir deste s\u00e1bado (08).<\/p>\n\n\n\n<p>Ascom SMTT<\/p>\n","protected":false},"excerpt":{"rendered":"<p>Para melhor atender \u00e0s demandas dos passageiros do transporte p\u00fablico do Litoral Norte, a Superintend\u00eancia Municipal de<\/p>\n","protected":false},"author":1,"featured_media":12152,"comment_status":"open","ping_status":"open","sticky":false,"template":"","format":"standard","meta":{"footnotes":""},"categories":[60],"tags":[],"class_list":["post-12151","post","type-post","status-publish","format-standard","has-post-thumbnail","hentry","category-capa"],"_links":{"self":[{"href":"https:\/\/4cantosalagoas.com.br\/portal\/wp-json\/wp\/v2\/posts\/12151","targetHints":{"allow":["GET"]}}],"collection":[{"href":"https:\/\/4cantosalagoas.com.br\/portal\/wp-json\/wp\/v2\/posts"}],"about":[{"href":"https:\/\/4cantosalagoas.com.br\/portal\/wp-json\/wp\/v2\/types\/post"}],"author":[{"embeddable":true,"href":"https:\/\/4cantosalagoas.com.br\/portal\/wp-json\/wp\/v2\/users\/1"}],"replies":[{"embeddable":true,"href":"https:\/\/4cantosalagoas.com.br\/portal\/wp-json\/wp\/v2\/comments?post=12151"}],"version-history":[{"count":1,"href":"https:\/\/4cantosalagoas.com.br\/portal\/wp-json\/wp\/v2\/posts\/12151\/revisions"}],"predecessor-version":[{"id":12153,"href":"https:\/\/4cantosalagoas.com.br\/portal\/wp-json\/wp\/v2\/posts\/12151\/revisions\/12153"}],"wp:featuredmedia":[{"embeddable":true,"href":"https:\/\/4cantosalagoas.com.br\/portal\/wp-json\/wp\/v2\/media\/12152"}],"wp:attachment":[{"href":"https:\/\/4cantosalagoas.com.br\/portal\/wp-json\/wp\/v2\/media?parent=12151"}],"wp:term":[{"taxonomy":"category","embeddable":true,"href":"https:\/\/4cantosalagoas.com.br\/portal\/wp-json\/wp\/v2\/categories?post=12151"},{"taxonomy":"post_tag","embeddable":true,"href":"https:\/\/4cantosalagoas.com.br\/portal\/wp-json\/wp\/v2\/tags?post=12151"}],"curies":[{"name":"wp","href":"https:\/\/api.w.org\/{rel}","templated":true}]}}