{"id":12148,"date":"2020-08-06T18:05:07","date_gmt":"2020-08-06T21:05:07","guid":{"rendered":"http:\/\/4cantosalagoas.com.br\/portal\/?p=12148"},"modified":"2020-08-06T18:05:13","modified_gmt":"2020-08-06T21:05:13","slug":"operacao-prende-irmaos-por-homicidio-qualificado-no-interior-do-estado","status":"publish","type":"post","link":"https:\/\/4cantosalagoas.com.br\/portal\/operacao-prende-irmaos-por-homicidio-qualificado-no-interior-do-estado\/","title":{"rendered":"Opera\u00e7\u00e3o prende irm\u00e3os por homic\u00eddio qualificado no interior do Estado"},"content":{"rendered":"\n<figure class=\"wp-block-image\"><img fetchpriority=\"high\" decoding=\"async\" width=\"750\" height=\"500\" src=\"http:\/\/4cantosalagoas.com.br\/portal\/wp-content\/uploads\/2020\/08\/8a.jpg\" alt=\"\" class=\"wp-image-12149\" srcset=\"https:\/\/4cantosalagoas.com.br\/portal\/wp-content\/uploads\/2020\/08\/8a.jpg 750w, https:\/\/4cantosalagoas.com.br\/portal\/wp-content\/uploads\/2020\/08\/8a-300x200.jpg 300w\" sizes=\"(max-width: 750px) 100vw, 750px\" \/><figcaption>Assessoria<\/figcaption><\/figure>\n\n\n\n<p>A Divis\u00e3o Especial de Investiga\u00e7\u00e3o e Capturas (DEIC),&nbsp;por meio de sua Assessoria T\u00e9cnica de Intelig\u00eancia, TIGRE e Se\u00e7\u00e3o de Capturas, sob a coordena\u00e7\u00e3o do delegado Gustavo Henrique, deflagrou mais uma opera\u00e7\u00e3o, desta vez no munic\u00edpio de Novo Lino, no interior de Alagoas, com o objetivo de prender pessoas foragidas da Justi\u00e7a, na manh\u00e3 desta quinta-feira (6).<\/p>\n\n\n\n<p>Como resultado, foram presos dois irm\u00e3os, um com 24 e o outro com 25 anos de idade, por conta de mandado de pris\u00e3o preventiva expedido pela Vara \u00danica da Comarca de Joaquim Gomes (AL), por homic\u00eddio qualificado.<\/p>\n\n\n\n<p>\u201cAs investiga\u00e7\u00f5es da Pol\u00edcia Civil em rela\u00e7\u00e3o ao homic\u00eddio em tela demonstraram que os dois irm\u00e3os infratores mataram com disparos de arma de fogo a v\u00edtima, identificada como Jos\u00e9 F\u00e1bio da Silva, na resid\u00eancia desta situada na Aldeia Wassu Cocal, Zona Rural da cidade de Joaquim Gomes, fato ocorrido no dia 26 de dezembro de 2015, por volta das 23h, inclusive no momento da invas\u00e3o \u00e0 casa da v\u00edtima eles teriam se identificado com pol\u00edcia\u201d, relatou o delegado Gustavo Henrique.<\/p>\n\n\n\n<p>A autoridade policial disse ainda que, de acordo com o que foi apurado, a motiva\u00e7\u00e3o do crime teria sido um desentendimento por conta do volume de um som em uma festa da qual a v\u00edtima participava, o que teria irritado um dos assassinos, mas tamb\u00e9m o fato de os autores terem uma desaven\u00e7a anterior por conta de tr\u00e1fico de drogas, j\u00e1 que todos tinham envolvimento com essa atividade il\u00edcita. &nbsp;<\/p>\n\n\n\n<p>&nbsp;\u201cParabenizamos mais esse excelente trabalho das equipes envolvidas na opera\u00e7\u00e3o, bem como destaco a sua import\u00e2ncia, pois retirou de circula\u00e7\u00e3o dois infratores perigosos, inclusive contumazes na pr\u00e1tica de delitos graves\u201d, enfatizou Gustavo Henrique, diretor da DEIC.<\/p>\n\n\n\n<p>De acordo com a DEIC, os dois presos t\u00eam extensa ficha criminal, com antecedentes criminais por delitos diversos. Um deles por homic\u00eddio, roubo, tr\u00e1fico de drogas, porte ilegal de arma de fogo e o antigo crime de quadrilha ou bando. J\u00e1 o outro por homic\u00eddio, roubo e tr\u00e1fico de drogas.<\/p>\n\n\n\n<p>Ap\u00f3s a captura, os presos foram encaminhados \u00e0 sede da DEIC, no bairro da Santa Am\u00e9lia, onde foi formalizado o cumprimento dos mandados de pris\u00e3o e, em seguida, encaminhados ao sistema prisional do Estado, onde permanecem \u00e0 disposi\u00e7\u00e3o da Justi\u00e7a.<\/p>\n\n\n\n<p>Assessoria<\/p>\n","protected":false},"excerpt":{"rendered":"<p>A Divis\u00e3o Especial de Investiga\u00e7\u00e3o e Capturas (DEIC),&nbsp;por meio de sua Assessoria T\u00e9cnica de Intelig\u00eancia, TIGRE e<\/p>\n","protected":false},"author":1,"featured_media":12149,"comment_status":"open","ping_status":"open","sticky":false,"template":"","format":"standard","meta":{"footnotes":""},"categories":[11],"tags":[],"class_list":["post-12148","post","type-post","status-publish","format-standard","has-post-thumbnail","hentry","category-policia"],"_links":{"self":[{"href":"https:\/\/4cantosalagoas.com.br\/portal\/wp-json\/wp\/v2\/posts\/12148","targetHints":{"allow":["GET"]}}],"collection":[{"href":"https:\/\/4cantosalagoas.com.br\/portal\/wp-json\/wp\/v2\/posts"}],"about":[{"href":"https:\/\/4cantosalagoas.com.br\/portal\/wp-json\/wp\/v2\/types\/post"}],"author":[{"embeddable":true,"href":"https:\/\/4cantosalagoas.com.br\/portal\/wp-json\/wp\/v2\/users\/1"}],"replies":[{"embeddable":true,"href":"https:\/\/4cantosalagoas.com.br\/portal\/wp-json\/wp\/v2\/comments?post=12148"}],"version-history":[{"count":1,"href":"https:\/\/4cantosalagoas.com.br\/portal\/wp-json\/wp\/v2\/posts\/12148\/revisions"}],"predecessor-version":[{"id":12150,"href":"https:\/\/4cantosalagoas.com.br\/portal\/wp-json\/wp\/v2\/posts\/12148\/revisions\/12150"}],"wp:featuredmedia":[{"embeddable":true,"href":"https:\/\/4cantosalagoas.com.br\/portal\/wp-json\/wp\/v2\/media\/12149"}],"wp:attachment":[{"href":"https:\/\/4cantosalagoas.com.br\/portal\/wp-json\/wp\/v2\/media?parent=12148"}],"wp:term":[{"taxonomy":"category","embeddable":true,"href":"https:\/\/4cantosalagoas.com.br\/portal\/wp-json\/wp\/v2\/categories?post=12148"},{"taxonomy":"post_tag","embeddable":true,"href":"https:\/\/4cantosalagoas.com.br\/portal\/wp-json\/wp\/v2\/tags?post=12148"}],"curies":[{"name":"wp","href":"https:\/\/api.w.org\/{rel}","templated":true}]}}