{"id":12142,"date":"2020-08-06T12:18:37","date_gmt":"2020-08-06T15:18:37","guid":{"rendered":"http:\/\/4cantosalagoas.com.br\/portal\/?p=12142"},"modified":"2020-08-06T12:18:42","modified_gmt":"2020-08-06T15:18:42","slug":"operacao-da-policia-civil-prende-acusado-de-estupro-no-sertao-de-alagoas","status":"publish","type":"post","link":"https:\/\/4cantosalagoas.com.br\/portal\/operacao-da-policia-civil-prende-acusado-de-estupro-no-sertao-de-alagoas\/","title":{"rendered":"Opera\u00e7\u00e3o da Pol\u00edcia Civil prende acusado de estupro no Sert\u00e3o de Alagoas"},"content":{"rendered":"\n<figure class=\"wp-block-image\"><img fetchpriority=\"high\" decoding=\"async\" width=\"698\" height=\"455\" src=\"http:\/\/4cantosalagoas.com.br\/portal\/wp-content\/uploads\/2020\/08\/5a.jpg\" alt=\"\" class=\"wp-image-12143\" srcset=\"https:\/\/4cantosalagoas.com.br\/portal\/wp-content\/uploads\/2020\/08\/5a.jpg 698w, https:\/\/4cantosalagoas.com.br\/portal\/wp-content\/uploads\/2020\/08\/5a-300x196.jpg 300w\" sizes=\"(max-width: 698px) 100vw, 698px\" \/><figcaption>Assessoria<\/figcaption><\/figure>\n\n\n\n<p>Um homem de 38 anos foi preso no inicio da manh\u00e3 desta quinta-feira (6) em uma opera\u00e7\u00e3o da Pol\u00edcia Civil, sob a coordena\u00e7\u00e3o do delegado Regional Valter Nascimento, que contou com agentes da Delegacia Regional de Batalha e do Distrito Policial de Jacar\u00e9 dos Homens, no Sert\u00e3o de Alagoas.<\/p>\n\n\n\n<p>De acordo com a autoridade policial, o preso foi condenado pela Justi\u00e7a, por meio da Comarca de Olho D&#8217;\u00e1gua das Flores, pela pr\u00e1tica do crime de estupro de uma mulher, cometido no ano de 2016, ocorrido na cidade de Monteir\u00f3polis.<\/p>\n\n\n\n<p>O delegado Valter Nascimento disse ainda que o acusado foi condenado a 7anos e 9 meses de reclus\u00e3o a ser cumprido inicialmente em regime fechado, sendo decretada sua pris\u00e3o preventiva at\u00e9 o tr\u00e2nsito em julgado da senten\u00e7a penal condenat\u00f3ria.<\/p>\n\n\n\n<p>\u201cOs levantamentos sobre a localiza\u00e7\u00e3o do acusado vinham sendo realizados h\u00e1 tr\u00eas semanas, tendo o mesmo sido capturado na Fazenda Jacobina, Zona Rural de Belo Monte, local de dif\u00edcil acesso, distante cerca de uma hora e meia do Centro de Batalha\u201d, concluiu o delegado.<\/p>\n\n\n\n<p>O preso est\u00e1 recolhido provisoriamente na carceragem da 3\u00aa Delegacia Regional de Batalha, devendo ser transferido para o sistema prisional.<\/p>\n\n\n\n<p>Assessoria<\/p>\n","protected":false},"excerpt":{"rendered":"<p>Um homem de 38 anos foi preso no inicio da manh\u00e3 desta quinta-feira (6) em uma opera\u00e7\u00e3o<\/p>\n","protected":false},"author":1,"featured_media":12143,"comment_status":"open","ping_status":"open","sticky":false,"template":"","format":"standard","meta":{"footnotes":""},"categories":[60],"tags":[],"class_list":["post-12142","post","type-post","status-publish","format-standard","has-post-thumbnail","hentry","category-capa"],"_links":{"self":[{"href":"https:\/\/4cantosalagoas.com.br\/portal\/wp-json\/wp\/v2\/posts\/12142","targetHints":{"allow":["GET"]}}],"collection":[{"href":"https:\/\/4cantosalagoas.com.br\/portal\/wp-json\/wp\/v2\/posts"}],"about":[{"href":"https:\/\/4cantosalagoas.com.br\/portal\/wp-json\/wp\/v2\/types\/post"}],"author":[{"embeddable":true,"href":"https:\/\/4cantosalagoas.com.br\/portal\/wp-json\/wp\/v2\/users\/1"}],"replies":[{"embeddable":true,"href":"https:\/\/4cantosalagoas.com.br\/portal\/wp-json\/wp\/v2\/comments?post=12142"}],"version-history":[{"count":1,"href":"https:\/\/4cantosalagoas.com.br\/portal\/wp-json\/wp\/v2\/posts\/12142\/revisions"}],"predecessor-version":[{"id":12144,"href":"https:\/\/4cantosalagoas.com.br\/portal\/wp-json\/wp\/v2\/posts\/12142\/revisions\/12144"}],"wp:featuredmedia":[{"embeddable":true,"href":"https:\/\/4cantosalagoas.com.br\/portal\/wp-json\/wp\/v2\/media\/12143"}],"wp:attachment":[{"href":"https:\/\/4cantosalagoas.com.br\/portal\/wp-json\/wp\/v2\/media?parent=12142"}],"wp:term":[{"taxonomy":"category","embeddable":true,"href":"https:\/\/4cantosalagoas.com.br\/portal\/wp-json\/wp\/v2\/categories?post=12142"},{"taxonomy":"post_tag","embeddable":true,"href":"https:\/\/4cantosalagoas.com.br\/portal\/wp-json\/wp\/v2\/tags?post=12142"}],"curies":[{"name":"wp","href":"https:\/\/api.w.org\/{rel}","templated":true}]}}