{"id":12093,"date":"2020-08-04T07:31:03","date_gmt":"2020-08-04T10:31:03","guid":{"rendered":"http:\/\/4cantosalagoas.com.br\/portal\/?p=12093"},"modified":"2020-08-04T07:31:08","modified_gmt":"2020-08-04T10:31:08","slug":"policia-civil-de-alagoas-participa-da-abertura-da-campanha-agosto-lilas-2020","status":"publish","type":"post","link":"https:\/\/4cantosalagoas.com.br\/portal\/policia-civil-de-alagoas-participa-da-abertura-da-campanha-agosto-lilas-2020\/","title":{"rendered":"Pol\u00edcia Civil de Alagoas participa da abertura da Campanha Agosto Lil\u00e1s 2020"},"content":{"rendered":"\n<figure class=\"wp-block-image\"><img fetchpriority=\"high\" decoding=\"async\" width=\"750\" height=\"500\" src=\"http:\/\/4cantosalagoas.com.br\/portal\/wp-content\/uploads\/2020\/08\/pc1.jpg\" alt=\"\" class=\"wp-image-12094\" srcset=\"https:\/\/4cantosalagoas.com.br\/portal\/wp-content\/uploads\/2020\/08\/pc1.jpg 750w, https:\/\/4cantosalagoas.com.br\/portal\/wp-content\/uploads\/2020\/08\/pc1-300x200.jpg 300w\" sizes=\"(max-width: 750px) 100vw, 750px\" \/><figcaption>Assessoria<\/figcaption><\/figure>\n\n\n\n<p>A Pol\u00edcia Civil de Alagoas participou da abertura da Campanha Agosto Lil\u00e1s 2020, realizada no Centro Especializado de Atendimento \u00e0 Mulher (CEAM), nesta segunda-feira (3). As delegadas K\u00e1tia Emanuelly (delegada-geral adjunta) e B\u00e1rbara Arraes (gerente de Pol\u00edcia Judici\u00e1ria da Regi\u00e3o 1) estiveram no evento, promovido pela Secretaria de Estado da Mulher e Direitos Humanos (SEMUDH).<\/p>\n\n\n\n<p>Al\u00e9m da Pol\u00edcia Civil, o ato contou ainda com a participa\u00e7\u00e3o de representantes de entidades ligadas ao enfrentamento&nbsp; \u00e0 viol\u00eancia contra a mulher, a exemplo do Conselho Estadual de Defesa dos Direitos da Mulher (CEDIM), a Rede de Atendimento \u00e0 V\u00edtima de Viol\u00eancia Sexual (RAVVS) do Hospital da Mulher, a Comiss\u00e3o Especial da Mulher da OAB-AL e a Patrulha Maria da Penha.<\/p>\n\n\n\n<p>Tamb\u00e9m foi inaugurado o servi\u00e7o de registro de Boletim de Ocorr\u00eancia (BO) ligados \u00e0 viol\u00eancia dom\u00e9stica e familiar no CEAM, que ser\u00e1 realizado por uma agente da Pol\u00edcia Civil. A parceria foi firmada pelo delegado-geral da PCAL,Paulo Cerqueira, e a secret\u00e1ria da Mulher, Maria Silva. Junto ao acolhimento realizado pela equipe multidisciplinar a mulher ter\u00e1 um acompanhamento completo e humanizado.<\/p>\n\n\n\n<p>Assessoria<\/p>\n","protected":false},"excerpt":{"rendered":"<p>A Pol\u00edcia Civil de Alagoas participou da abertura da Campanha Agosto Lil\u00e1s 2020, realizada no Centro Especializado<\/p>\n","protected":false},"author":1,"featured_media":12094,"comment_status":"open","ping_status":"open","sticky":false,"template":"","format":"standard","meta":{"footnotes":""},"categories":[11],"tags":[],"class_list":["post-12093","post","type-post","status-publish","format-standard","has-post-thumbnail","hentry","category-policia"],"_links":{"self":[{"href":"https:\/\/4cantosalagoas.com.br\/portal\/wp-json\/wp\/v2\/posts\/12093","targetHints":{"allow":["GET"]}}],"collection":[{"href":"https:\/\/4cantosalagoas.com.br\/portal\/wp-json\/wp\/v2\/posts"}],"about":[{"href":"https:\/\/4cantosalagoas.com.br\/portal\/wp-json\/wp\/v2\/types\/post"}],"author":[{"embeddable":true,"href":"https:\/\/4cantosalagoas.com.br\/portal\/wp-json\/wp\/v2\/users\/1"}],"replies":[{"embeddable":true,"href":"https:\/\/4cantosalagoas.com.br\/portal\/wp-json\/wp\/v2\/comments?post=12093"}],"version-history":[{"count":1,"href":"https:\/\/4cantosalagoas.com.br\/portal\/wp-json\/wp\/v2\/posts\/12093\/revisions"}],"predecessor-version":[{"id":12095,"href":"https:\/\/4cantosalagoas.com.br\/portal\/wp-json\/wp\/v2\/posts\/12093\/revisions\/12095"}],"wp:featuredmedia":[{"embeddable":true,"href":"https:\/\/4cantosalagoas.com.br\/portal\/wp-json\/wp\/v2\/media\/12094"}],"wp:attachment":[{"href":"https:\/\/4cantosalagoas.com.br\/portal\/wp-json\/wp\/v2\/media?parent=12093"}],"wp:term":[{"taxonomy":"category","embeddable":true,"href":"https:\/\/4cantosalagoas.com.br\/portal\/wp-json\/wp\/v2\/categories?post=12093"},{"taxonomy":"post_tag","embeddable":true,"href":"https:\/\/4cantosalagoas.com.br\/portal\/wp-json\/wp\/v2\/tags?post=12093"}],"curies":[{"name":"wp","href":"https:\/\/api.w.org\/{rel}","templated":true}]}}