{"id":12067,"date":"2020-07-31T19:16:46","date_gmt":"2020-07-31T22:16:46","guid":{"rendered":"http:\/\/4cantosalagoas.com.br\/portal\/?p=12067"},"modified":"2020-07-31T19:16:51","modified_gmt":"2020-07-31T22:16:51","slug":"prefeitura-implanta-contorno-de-quadra-no-henrique-equelman","status":"publish","type":"post","link":"https:\/\/4cantosalagoas.com.br\/portal\/prefeitura-implanta-contorno-de-quadra-no-henrique-equelman\/","title":{"rendered":"Prefeitura implanta contorno de quadra no Henrique Equelman"},"content":{"rendered":"\n<figure class=\"wp-block-image\"><img fetchpriority=\"high\" decoding=\"async\" width=\"793\" height=\"917\" src=\"http:\/\/4cantosalagoas.com.br\/portal\/wp-content\/uploads\/2020\/07\/a6.jpg\" alt=\"\" class=\"wp-image-12068\" srcset=\"https:\/\/4cantosalagoas.com.br\/portal\/wp-content\/uploads\/2020\/07\/a6.jpg 793w, https:\/\/4cantosalagoas.com.br\/portal\/wp-content\/uploads\/2020\/07\/a6-259x300.jpg 259w, https:\/\/4cantosalagoas.com.br\/portal\/wp-content\/uploads\/2020\/07\/a6-768x888.jpg 768w\" sizes=\"(max-width: 793px) 100vw, 793px\" \/><figcaption> <br>Prefeitura implanta contorno de quadra do Henrique Equelman nesta segunda (03). Foto: Divulga\u00e7\u00e3o <\/figcaption><\/figure>\n\n\n\n<p>Com a implanta\u00e7\u00e3o do contorno de quadra do Conjunto Henrique Equelman, quem for pelo sentido Antares \u2013 Serraria da Avenida Menino e quiser acessar a localidade, dever\u00e1 virar \u00e0 direita na Rua Professora Olindina Pereira da Silva, em seguida \u00e0 esquerda na Rua Projetada do Meio e depois \u00e0 esquerda novamente na Avenida Selma Bandeira. A partir deste ponto, o condutor poder\u00e1 atravessar a Avenida Menino Marcelo e acessar a Avenida Selma Bandeira, no Conjunto Henrique Equelman ou retornar para a Via Expressa.<\/p>\n\n\n\n<p>Para ordenar o tr\u00e2nsito e garantir a seguran\u00e7a vi\u00e1ria da popula\u00e7\u00e3o que diariamente trafega pela regi\u00e3o, as equipes de Obras Vi\u00e1rias da SMTT implantaram novas sinaliza\u00e7\u00f5es horizontais, verticais e semaf\u00f3ricas no local.<\/p>\n\n\n\n<p>Ao longo da primeira semana, agentes de tr\u00e2nsito da SMTT estar\u00e3o presentes no novo contorno de quadra do Conjunto Henrique Equelman para orientar os condutores e pedestres sobre as mudan\u00e7as.<\/p>\n\n\n\n<p>Ascom SMTT<\/p>\n","protected":false},"excerpt":{"rendered":"<p>Com a implanta\u00e7\u00e3o do contorno de quadra do Conjunto Henrique Equelman, quem for pelo sentido Antares \u2013<\/p>\n","protected":false},"author":1,"featured_media":12068,"comment_status":"open","ping_status":"open","sticky":false,"template":"","format":"standard","meta":{"footnotes":""},"categories":[60],"tags":[],"class_list":["post-12067","post","type-post","status-publish","format-standard","has-post-thumbnail","hentry","category-capa"],"_links":{"self":[{"href":"https:\/\/4cantosalagoas.com.br\/portal\/wp-json\/wp\/v2\/posts\/12067","targetHints":{"allow":["GET"]}}],"collection":[{"href":"https:\/\/4cantosalagoas.com.br\/portal\/wp-json\/wp\/v2\/posts"}],"about":[{"href":"https:\/\/4cantosalagoas.com.br\/portal\/wp-json\/wp\/v2\/types\/post"}],"author":[{"embeddable":true,"href":"https:\/\/4cantosalagoas.com.br\/portal\/wp-json\/wp\/v2\/users\/1"}],"replies":[{"embeddable":true,"href":"https:\/\/4cantosalagoas.com.br\/portal\/wp-json\/wp\/v2\/comments?post=12067"}],"version-history":[{"count":1,"href":"https:\/\/4cantosalagoas.com.br\/portal\/wp-json\/wp\/v2\/posts\/12067\/revisions"}],"predecessor-version":[{"id":12069,"href":"https:\/\/4cantosalagoas.com.br\/portal\/wp-json\/wp\/v2\/posts\/12067\/revisions\/12069"}],"wp:featuredmedia":[{"embeddable":true,"href":"https:\/\/4cantosalagoas.com.br\/portal\/wp-json\/wp\/v2\/media\/12068"}],"wp:attachment":[{"href":"https:\/\/4cantosalagoas.com.br\/portal\/wp-json\/wp\/v2\/media?parent=12067"}],"wp:term":[{"taxonomy":"category","embeddable":true,"href":"https:\/\/4cantosalagoas.com.br\/portal\/wp-json\/wp\/v2\/categories?post=12067"},{"taxonomy":"post_tag","embeddable":true,"href":"https:\/\/4cantosalagoas.com.br\/portal\/wp-json\/wp\/v2\/tags?post=12067"}],"curies":[{"name":"wp","href":"https:\/\/api.w.org\/{rel}","templated":true}]}}