{"id":12061,"date":"2020-07-31T18:54:20","date_gmt":"2020-07-31T21:54:20","guid":{"rendered":"http:\/\/4cantosalagoas.com.br\/portal\/?p=12061"},"modified":"2020-07-31T18:54:26","modified_gmt":"2020-07-31T21:54:26","slug":"acao-integrada-da-policia-civil-de-alagoas-com-a-de-pernambuco-prende-foragido-da-justica","status":"publish","type":"post","link":"https:\/\/4cantosalagoas.com.br\/portal\/acao-integrada-da-policia-civil-de-alagoas-com-a-de-pernambuco-prende-foragido-da-justica\/","title":{"rendered":"A\u00e7\u00e3o integrada da Pol\u00edcia Civil de Alagoas com a de Pernambuco prende foragido da Justi\u00e7a"},"content":{"rendered":"\n<figure class=\"wp-block-image\"><img fetchpriority=\"high\" decoding=\"async\" width=\"628\" height=\"432\" src=\"http:\/\/4cantosalagoas.com.br\/portal\/wp-content\/uploads\/2018\/02\/pcft56.jpg\" alt=\"Assessoria\" class=\"wp-image-800\" srcset=\"https:\/\/4cantosalagoas.com.br\/portal\/wp-content\/uploads\/2018\/02\/pcft56.jpg 628w, https:\/\/4cantosalagoas.com.br\/portal\/wp-content\/uploads\/2018\/02\/pcft56-300x206.jpg 300w, https:\/\/4cantosalagoas.com.br\/portal\/wp-content\/uploads\/2018\/02\/pcft56-465x320.jpg 465w\" sizes=\"(max-width: 628px) 100vw, 628px\" \/><figcaption>Assessoria<\/figcaption><\/figure>\n\n\n\n<p>O delegado Regional de Vi\u00e7osa (AL), Guilherme Sillero, informou que uma a\u00e7\u00e3o integrada entre as Pol\u00edcias Civis de Alagoas e Pernambuco, que envolveu trabalho de intelig\u00eancia da equipe do 102\u00ba Distrito Policial do munic\u00edpio de Cajueiro (AL) com a 15\u00aa seccional de Belo Jardim (PE), prendeu mais um foragido da Justi\u00e7a, nesta quinta-feira (30).<\/p>\n\n\n\n<p>O homem de 56 anos de idade foi localizado e preso na Rua Santo Ant\u00f4nio, no munic\u00edpio de Belo Jardim, no interior de Pernambuco, acusado do crime de tentativa de homic\u00eddio.<\/p>\n\n\n\n<p>Ele foi preso em cumprimento a mandado de pris\u00e3o expedido pela ju\u00edza L\u00edgia Mont\u2019Alverne Juc\u00e1 Seabra, da Vara do \u00danico Of\u00edcio de Cajueiro.<\/p>\n\n\n\n<p>Assessoria<\/p>\n","protected":false},"excerpt":{"rendered":"<p>O delegado Regional de Vi\u00e7osa (AL), Guilherme Sillero, informou que uma a\u00e7\u00e3o integrada entre as Pol\u00edcias Civis<\/p>\n","protected":false},"author":1,"featured_media":800,"comment_status":"open","ping_status":"open","sticky":false,"template":"","format":"standard","meta":{"footnotes":""},"categories":[60],"tags":[],"class_list":["post-12061","post","type-post","status-publish","format-standard","has-post-thumbnail","hentry","category-capa"],"_links":{"self":[{"href":"https:\/\/4cantosalagoas.com.br\/portal\/wp-json\/wp\/v2\/posts\/12061","targetHints":{"allow":["GET"]}}],"collection":[{"href":"https:\/\/4cantosalagoas.com.br\/portal\/wp-json\/wp\/v2\/posts"}],"about":[{"href":"https:\/\/4cantosalagoas.com.br\/portal\/wp-json\/wp\/v2\/types\/post"}],"author":[{"embeddable":true,"href":"https:\/\/4cantosalagoas.com.br\/portal\/wp-json\/wp\/v2\/users\/1"}],"replies":[{"embeddable":true,"href":"https:\/\/4cantosalagoas.com.br\/portal\/wp-json\/wp\/v2\/comments?post=12061"}],"version-history":[{"count":1,"href":"https:\/\/4cantosalagoas.com.br\/portal\/wp-json\/wp\/v2\/posts\/12061\/revisions"}],"predecessor-version":[{"id":12062,"href":"https:\/\/4cantosalagoas.com.br\/portal\/wp-json\/wp\/v2\/posts\/12061\/revisions\/12062"}],"wp:featuredmedia":[{"embeddable":true,"href":"https:\/\/4cantosalagoas.com.br\/portal\/wp-json\/wp\/v2\/media\/800"}],"wp:attachment":[{"href":"https:\/\/4cantosalagoas.com.br\/portal\/wp-json\/wp\/v2\/media?parent=12061"}],"wp:term":[{"taxonomy":"category","embeddable":true,"href":"https:\/\/4cantosalagoas.com.br\/portal\/wp-json\/wp\/v2\/categories?post=12061"},{"taxonomy":"post_tag","embeddable":true,"href":"https:\/\/4cantosalagoas.com.br\/portal\/wp-json\/wp\/v2\/tags?post=12061"}],"curies":[{"name":"wp","href":"https:\/\/api.w.org\/{rel}","templated":true}]}}