{"id":12053,"date":"2020-07-30T17:26:59","date_gmt":"2020-07-30T20:26:59","guid":{"rendered":"http:\/\/4cantosalagoas.com.br\/portal\/?p=12053"},"modified":"2020-07-30T17:27:05","modified_gmt":"2020-07-30T20:27:05","slug":"linha-068-atendera-comunidades-em-bebedouro-a-partir-deste-sabado","status":"publish","type":"post","link":"https:\/\/4cantosalagoas.com.br\/portal\/linha-068-atendera-comunidades-em-bebedouro-a-partir-deste-sabado\/","title":{"rendered":"Linha 068 atender\u00e1 comunidades em Bebedouro a partir deste s\u00e1bado"},"content":{"rendered":"\n<figure class=\"wp-block-image\"><img fetchpriority=\"high\" decoding=\"async\" width=\"1024\" height=\"683\" src=\"https:\/\/i2.wp.com\/4cantosalagoas.com.br\/portal\/wp-content\/uploads\/2020\/07\/buz.jpg?fit=1024%2C683\" alt=\"\" class=\"wp-image-12054\" srcset=\"https:\/\/4cantosalagoas.com.br\/portal\/wp-content\/uploads\/2020\/07\/buz.jpg 1024w, https:\/\/4cantosalagoas.com.br\/portal\/wp-content\/uploads\/2020\/07\/buz-300x200.jpg 300w, https:\/\/4cantosalagoas.com.br\/portal\/wp-content\/uploads\/2020\/07\/buz-768x512.jpg 768w\" sizes=\"(max-width: 1024px) 100vw, 1024px\" \/><figcaption> <br>Linha 068 atender\u00e1 comunidades Flexal de Cima e Flexar de Baixo a partir deste s\u00e1bado (1\u00ba) Foto: Pei Fon\/ Secom Macei\u00f3 <\/figcaption><\/figure>\n\n\n\n<p>A Superintend\u00eancia Municipal de Transportes e Tr\u00e2nsito (SMTT) comunica aos usu\u00e1rios do Sistema Integrado de Mobilidade de Macei\u00f3 (SIMM) que, a partir deste s\u00e1bado, 1\u00ba de agosto, a linha de \u00f4nibus 068 \u2013 Colina\/ Po\u00e7o (via Bebedouro) passar\u00e1 a atender as comunidades de Flexal de Cima e Flexal de Baixo, em Bebedouro.<\/p>\n\n\n\n<p>Os passageiros que embarcarem na 068 \u2013 Colina\/ Po\u00e7o utilizando o Cart\u00e3o Bem Legal de qualquer modalidade tamb\u00e9m poder\u00e3o fazer a integra\u00e7\u00e3o temporal com outras seis linhas de \u00f4nibus do SIMM. S\u00e3o elas: 108 \u2013 Clima Bom\/ Trapiche (via Bebedouro \u2013 Mercado), 709 \u2013 Ch\u00e3 da Jaqueira\/ Ponta Verde (via Mutir\u00e3o), 710 \u2013 Ch\u00e3 da Jaqueira\/ Ponta Verde (via Boa Vista), 711 \u2013 Ufal\/ Ponta Verde (via Bebedouro), 712 \u2013 Santos Dumont\/ Ponta Verde e 719 \u2013 Ch\u00e3 Nova\/ Ponta Verde.<\/p>\n\n\n\n<p>A integra\u00e7\u00e3o temporal \u00e9 um benef\u00edcio ofertado aos usu\u00e1rios do transporte p\u00fablico de Macei\u00f3 que utilizam o Cart\u00e3o Bem Legal em qualquer modalidade, possibilitando o uso de at\u00e9 dois \u00f4nibus pagando apenas uma passagem. Para que os passageiros possam desfrutar da vantagem, \u00e9 preciso respeitar o prazo m\u00e1ximo de 90 minutos, que come\u00e7a a ser contado a partir do momento em que o bilhete eletr\u00f4nico passa no validador do primeiro ve\u00edculo.<\/p>\n\n\n\n<p><strong>Como adquirir o &nbsp;Cart\u00e3o Bem Legal<\/strong><\/p>\n\n\n\n<p>Os moradores das comunidades Flexal de Cima e Flexal de Baixo que n\u00e3o possu\u00edrem o Cart\u00e3o Bem Legal poder\u00e3o confeccionar gratuitamente o bilhete eletr\u00f4nico na modalidade Cidad\u00e3o no posto fixo do Bem Legal localizado no Terminal Colina. Basta apresentar o RG, CPF e o comprovante de resid\u00eancia. O espa\u00e7o funciona de segunda a s\u00e1bado, das 5h \u00e0s 21h, e o documento sai na hora.<\/p>\n\n\n\n<figure class=\"wp-block-image\"><img decoding=\"async\" src=\"http:\/\/www.maceio.al.gov.br\/wp-content\/uploads\/2019\/06\/jpg\/2019\/06\/08062019-Cartao-Bem-Legal-PF-0008-1024x683.jpg\" alt=\"\" class=\"wp-image-306973\"\/><figcaption>O Cart\u00e3o Bem Legal \u00e9 um servi\u00e7o oferecido pela SMTT. Foto: Pei Fon\/ Secom Macei\u00f3<\/figcaption><\/figure>\n\n\n\n<p>Al\u00e9m da emiss\u00e3o do Cart\u00e3o Bem Legal Cidad\u00e3o, as recargas do bilhete eletr\u00f4nico tamb\u00e9m poder\u00e3o ser feitas no Terminal Colina. Caso prefira, o passageiro tamb\u00e9m poder\u00e1 adquirir os cr\u00e9ditos de forma online, atrav\u00e9s dos aplicativos CittaMobi, Recarga Pay e Ponto Certo ou pelos sites&nbsp;<a href=\"http:\/\/www.smttmaceio.com.br\/\">www.smttmaceio.com.br<\/a>&nbsp;e&nbsp;<a href=\"http:\/\/www.cartaobemlegal.com.br\/\">www.cartaobemlegal.com.br<\/a>.<\/p>\n\n\n\n<p>Ascom SMTT<\/p>\n","protected":false},"excerpt":{"rendered":"<p>A Superintend\u00eancia Municipal de Transportes e Tr\u00e2nsito (SMTT) comunica aos usu\u00e1rios do Sistema Integrado de Mobilidade de<\/p>\n","protected":false},"author":1,"featured_media":12054,"comment_status":"open","ping_status":"open","sticky":false,"template":"","format":"standard","meta":{"footnotes":""},"categories":[5],"tags":[],"class_list":["post-12053","post","type-post","status-publish","format-standard","has-post-thumbnail","hentry","category-maceio"],"_links":{"self":[{"href":"https:\/\/4cantosalagoas.com.br\/portal\/wp-json\/wp\/v2\/posts\/12053","targetHints":{"allow":["GET"]}}],"collection":[{"href":"https:\/\/4cantosalagoas.com.br\/portal\/wp-json\/wp\/v2\/posts"}],"about":[{"href":"https:\/\/4cantosalagoas.com.br\/portal\/wp-json\/wp\/v2\/types\/post"}],"author":[{"embeddable":true,"href":"https:\/\/4cantosalagoas.com.br\/portal\/wp-json\/wp\/v2\/users\/1"}],"replies":[{"embeddable":true,"href":"https:\/\/4cantosalagoas.com.br\/portal\/wp-json\/wp\/v2\/comments?post=12053"}],"version-history":[{"count":1,"href":"https:\/\/4cantosalagoas.com.br\/portal\/wp-json\/wp\/v2\/posts\/12053\/revisions"}],"predecessor-version":[{"id":12055,"href":"https:\/\/4cantosalagoas.com.br\/portal\/wp-json\/wp\/v2\/posts\/12053\/revisions\/12055"}],"wp:featuredmedia":[{"embeddable":true,"href":"https:\/\/4cantosalagoas.com.br\/portal\/wp-json\/wp\/v2\/media\/12054"}],"wp:attachment":[{"href":"https:\/\/4cantosalagoas.com.br\/portal\/wp-json\/wp\/v2\/media?parent=12053"}],"wp:term":[{"taxonomy":"category","embeddable":true,"href":"https:\/\/4cantosalagoas.com.br\/portal\/wp-json\/wp\/v2\/categories?post=12053"},{"taxonomy":"post_tag","embeddable":true,"href":"https:\/\/4cantosalagoas.com.br\/portal\/wp-json\/wp\/v2\/tags?post=12053"}],"curies":[{"name":"wp","href":"https:\/\/api.w.org\/{rel}","templated":true}]}}