{"id":12049,"date":"2020-07-30T17:05:58","date_gmt":"2020-07-30T20:05:58","guid":{"rendered":"http:\/\/4cantosalagoas.com.br\/portal\/?p=12049"},"modified":"2020-07-30T17:06:03","modified_gmt":"2020-07-30T20:06:03","slug":"policia-civil-prende-no-sertao-de-alagoas-condenado-por-homicidio-em-sao-paulo","status":"publish","type":"post","link":"https:\/\/4cantosalagoas.com.br\/portal\/policia-civil-prende-no-sertao-de-alagoas-condenado-por-homicidio-em-sao-paulo\/","title":{"rendered":"Pol\u00edcia Civil prende no Sert\u00e3o de Alagoas condenado por homic\u00eddio em S\u00e3o Paulo"},"content":{"rendered":"\n<figure class=\"wp-block-image\"><img fetchpriority=\"high\" decoding=\"async\" width=\"445\" height=\"417\" src=\"http:\/\/4cantosalagoas.com.br\/portal\/wp-content\/uploads\/2019\/02\/pcd.jpg\" alt=\"\" class=\"wp-image-6501\" srcset=\"https:\/\/4cantosalagoas.com.br\/portal\/wp-content\/uploads\/2019\/02\/pcd.jpg 445w, https:\/\/4cantosalagoas.com.br\/portal\/wp-content\/uploads\/2019\/02\/pcd-300x281.jpg 300w, https:\/\/4cantosalagoas.com.br\/portal\/wp-content\/uploads\/2019\/02\/pcd-375x351.jpg 375w\" sizes=\"(max-width: 445px) 100vw, 445px\" \/><figcaption>Assessoria<\/figcaption><\/figure>\n\n\n\n<p>Uma opera\u00e7\u00e3o da Pol\u00edcia Civil no Sert\u00e3o de Alagoas, realizada por agentes da 2\u00aa Delegacia Regional de Santana do Ipanema (2\u00aa DRP) e da Ger\u00eancia de Pol\u00edcia Judici\u00e1ria da Regi\u00e3o 4 (GPJ 4), prendeu um homem, nesta quinta-feira (30), em cumprimento a mandado de pris\u00e3o,&nbsp;expedido pelo Juiz da Comarca de It\u00e1polis-SP.<\/p>\n\n\n\n<p>O acusado de 41 anos \u00e9 suspeito da pr\u00e1tica de crime de Homic\u00eddio na cidade de It\u00e1polis, estado de S\u00e3o Paulo e responde a a\u00e7\u00e3o penal de compet\u00eancia do J\u00fari. Ap\u00f3s trabalho de investiga\u00e7\u00e3o e Intelig\u00eancia dos policiais da 2\u00aa DRP, verificou-se que o acusado veio para Alagoas e estava escondido no Povoado Areia Branca, munic\u00edpio de Santana do Ipanema.<\/p>\n\n\n\n<p>O delegado Regional de Santana do Ipanema, Hugo Leonardo, disse ainda que, ap\u00f3s a pris\u00e3o, o acusado foi recolhido ao\u00a0Centro Integrado de Seguran\u00e7a P\u00fablica (Cisp) de\u00a0Ouro Branco, onde encontra-se \u00e0 disposi\u00e7\u00e3o do Poder Judici\u00e1rio.<\/p>\n\n\n\n<p>Assessoria<\/p>\n","protected":false},"excerpt":{"rendered":"<p>Uma opera\u00e7\u00e3o da Pol\u00edcia Civil no Sert\u00e3o de Alagoas, realizada por agentes da 2\u00aa Delegacia Regional de<\/p>\n","protected":false},"author":1,"featured_media":6501,"comment_status":"open","ping_status":"open","sticky":false,"template":"","format":"standard","meta":{"footnotes":""},"categories":[11],"tags":[],"class_list":["post-12049","post","type-post","status-publish","format-standard","has-post-thumbnail","hentry","category-policia"],"_links":{"self":[{"href":"https:\/\/4cantosalagoas.com.br\/portal\/wp-json\/wp\/v2\/posts\/12049","targetHints":{"allow":["GET"]}}],"collection":[{"href":"https:\/\/4cantosalagoas.com.br\/portal\/wp-json\/wp\/v2\/posts"}],"about":[{"href":"https:\/\/4cantosalagoas.com.br\/portal\/wp-json\/wp\/v2\/types\/post"}],"author":[{"embeddable":true,"href":"https:\/\/4cantosalagoas.com.br\/portal\/wp-json\/wp\/v2\/users\/1"}],"replies":[{"embeddable":true,"href":"https:\/\/4cantosalagoas.com.br\/portal\/wp-json\/wp\/v2\/comments?post=12049"}],"version-history":[{"count":1,"href":"https:\/\/4cantosalagoas.com.br\/portal\/wp-json\/wp\/v2\/posts\/12049\/revisions"}],"predecessor-version":[{"id":12050,"href":"https:\/\/4cantosalagoas.com.br\/portal\/wp-json\/wp\/v2\/posts\/12049\/revisions\/12050"}],"wp:featuredmedia":[{"embeddable":true,"href":"https:\/\/4cantosalagoas.com.br\/portal\/wp-json\/wp\/v2\/media\/6501"}],"wp:attachment":[{"href":"https:\/\/4cantosalagoas.com.br\/portal\/wp-json\/wp\/v2\/media?parent=12049"}],"wp:term":[{"taxonomy":"category","embeddable":true,"href":"https:\/\/4cantosalagoas.com.br\/portal\/wp-json\/wp\/v2\/categories?post=12049"},{"taxonomy":"post_tag","embeddable":true,"href":"https:\/\/4cantosalagoas.com.br\/portal\/wp-json\/wp\/v2\/tags?post=12049"}],"curies":[{"name":"wp","href":"https:\/\/api.w.org\/{rel}","templated":true}]}}