{"id":11950,"date":"2020-07-22T17:59:51","date_gmt":"2020-07-22T20:59:51","guid":{"rendered":"http:\/\/4cantosalagoas.com.br\/portal\/?p=11950"},"modified":"2020-07-22T17:59:59","modified_gmt":"2020-07-22T20:59:59","slug":"acessibilidade-e-rentavel-para-o-turismo-e-as-cidades-diz-hemerson-casado","status":"publish","type":"post","link":"https:\/\/4cantosalagoas.com.br\/portal\/acessibilidade-e-rentavel-para-o-turismo-e-as-cidades-diz-hemerson-casado\/","title":{"rendered":"Acessibilidade \u00e9 rent\u00e1vel para o turismo e as cidades, diz Hemerson Casado"},"content":{"rendered":"\n<figure class=\"wp-block-image\"><img fetchpriority=\"high\" decoding=\"async\" width=\"1099\" height=\"735\" src=\"https:\/\/i1.wp.com\/4cantosalagoas.com.br\/portal\/wp-content\/uploads\/2020\/07\/hemer.jpg?fit=1024%2C685\" alt=\"\" class=\"wp-image-11951\" srcset=\"https:\/\/4cantosalagoas.com.br\/portal\/wp-content\/uploads\/2020\/07\/hemer.jpg 1099w, https:\/\/4cantosalagoas.com.br\/portal\/wp-content\/uploads\/2020\/07\/hemer-300x201.jpg 300w, https:\/\/4cantosalagoas.com.br\/portal\/wp-content\/uploads\/2020\/07\/hemer-768x514.jpg 768w, https:\/\/4cantosalagoas.com.br\/portal\/wp-content\/uploads\/2020\/07\/hemer-1024x685.jpg 1024w\" sizes=\"(max-width: 1099px) 100vw, 1099px\" \/><\/figure>\n\n\n\n<p> Do acordo com Instituto Brasileiro de Geografia e Estat\u00edstica (IBGE) mais de 23% da popula\u00e7\u00e3o do pa\u00eds possui algum tipo de defici\u00eancia. Em Alagoas, essa taxa corresponde a 27% da popula\u00e7\u00e3o. Por isso, a execu\u00e7\u00e3o de a\u00e7\u00f5es de acessibilidade nas cidades brasileiras \u00e9 urgente.<br><\/p>\n\n\n\n<p>\u00c9 o que evid\u00eancia o m\u00e9dico ativista das doen\u00e7as raras que foi diagnosticado em 2012 com Esclerose lateral Amiotr\u00f3fica (ELA), Hemerson Casado, que \u00e9 pr\u00e9-candidato pelo Partido Social Democr\u00e1tico (PSD) a vereador por Macei\u00f3.<br>Ao expor que todas as pessoas pode em algum momento da vida \u2013 seja por quest\u00f5es de sa\u00fade ou at\u00e9 mesmo do avan\u00e7o da idade \u2013 ter a mobilidade comprometida, Hemerson Casado exp\u00f5e que a acessibilidade \u00e9 pr\u00e9-requisito para qualquer cidade e em especial para as tur\u00edsticas j\u00e1 que as pr\u00e1ticas de acessibilidade \u00e9 rent\u00e1vel para atividade do turismo.<br><\/p>\n\n\n\n<p>\u201cPara que o turismo seja de fato, para todos \u00e9 fundamental que todos os servi\u00e7os e equipamentos tur\u00edsticos estejam aptos para atender pessoas com limita\u00e7\u00f5es f\u00edsicas, incapacidades ou idade avan\u00e7ada. A acessibilidade dos lugares e servi\u00e7os ainda \u00e9 uma preocupa\u00e7\u00e3o entre familiares e pessoas com necessidades especiais\u201d, relata.<br><\/p>\n\n\n\n<p>Nesta concep\u00e7\u00e3o que compreende a rela\u00e7\u00e3o entre acessibilidade e a economia do turismo, Hemerson Casado ainda lembra que um das m\u00e1ximas do turismo \u00e9 que uma cidade boa para o turista \u00e9 aquela que reflete na qualidade de vida de seus moradores.<br>\u201cApesar de Macei\u00f3 ter evolu\u00eddo nesse aspecto existe muito a ser conquistado. Nem sempre \u00e9 f\u00e1cil aproveitar um dia de praia na orla da capital. Empatia e respeito s\u00e3o fundamentais para que possamos ter um turismo de fato acess\u00edvel. Portanto, nada melhor do que pensar pol\u00edticas de acessibilidade para uma cidade do que quem convive diariamente com os problemas de mobilidade. S\u00e3o as pessoas com defici\u00eancia e seus familiares que podem apontar as melhores solu\u00e7\u00f5es\u201d, defende.<\/p>\n\n\n\n<p>Assessoria<\/p>\n\n\n\n<p>Eu apoio essa ideia! #turismoacessivel #doencasraras #escleroselateralamiotrofica #drhemersoncasado\n\n<\/p>\n","protected":false},"excerpt":{"rendered":"<p>Do acordo com Instituto Brasileiro de Geografia e Estat\u00edstica (IBGE) mais de 23% da popula\u00e7\u00e3o do pa\u00eds<\/p>\n","protected":false},"author":1,"featured_media":11951,"comment_status":"open","ping_status":"open","sticky":false,"template":"","format":"standard","meta":{"footnotes":""},"categories":[7],"tags":[],"class_list":["post-11950","post","type-post","status-publish","format-standard","has-post-thumbnail","hentry","category-brasil"],"_links":{"self":[{"href":"https:\/\/4cantosalagoas.com.br\/portal\/wp-json\/wp\/v2\/posts\/11950","targetHints":{"allow":["GET"]}}],"collection":[{"href":"https:\/\/4cantosalagoas.com.br\/portal\/wp-json\/wp\/v2\/posts"}],"about":[{"href":"https:\/\/4cantosalagoas.com.br\/portal\/wp-json\/wp\/v2\/types\/post"}],"author":[{"embeddable":true,"href":"https:\/\/4cantosalagoas.com.br\/portal\/wp-json\/wp\/v2\/users\/1"}],"replies":[{"embeddable":true,"href":"https:\/\/4cantosalagoas.com.br\/portal\/wp-json\/wp\/v2\/comments?post=11950"}],"version-history":[{"count":1,"href":"https:\/\/4cantosalagoas.com.br\/portal\/wp-json\/wp\/v2\/posts\/11950\/revisions"}],"predecessor-version":[{"id":11952,"href":"https:\/\/4cantosalagoas.com.br\/portal\/wp-json\/wp\/v2\/posts\/11950\/revisions\/11952"}],"wp:featuredmedia":[{"embeddable":true,"href":"https:\/\/4cantosalagoas.com.br\/portal\/wp-json\/wp\/v2\/media\/11951"}],"wp:attachment":[{"href":"https:\/\/4cantosalagoas.com.br\/portal\/wp-json\/wp\/v2\/media?parent=11950"}],"wp:term":[{"taxonomy":"category","embeddable":true,"href":"https:\/\/4cantosalagoas.com.br\/portal\/wp-json\/wp\/v2\/categories?post=11950"},{"taxonomy":"post_tag","embeddable":true,"href":"https:\/\/4cantosalagoas.com.br\/portal\/wp-json\/wp\/v2\/tags?post=11950"}],"curies":[{"name":"wp","href":"https:\/\/api.w.org\/{rel}","templated":true}]}}