{"id":11947,"date":"2020-07-22T15:53:36","date_gmt":"2020-07-22T18:53:36","guid":{"rendered":"http:\/\/4cantosalagoas.com.br\/portal\/?p=11947"},"modified":"2020-07-22T15:53:42","modified_gmt":"2020-07-22T18:53:42","slug":"prefeitura-autoriza-estacionamento-de-veiculos-de-turismo-na-orla-a-partir-de-agosto","status":"publish","type":"post","link":"https:\/\/4cantosalagoas.com.br\/portal\/prefeitura-autoriza-estacionamento-de-veiculos-de-turismo-na-orla-a-partir-de-agosto\/","title":{"rendered":"Prefeitura autoriza estacionamento de ve\u00edculos de turismo na orla a partir de agosto"},"content":{"rendered":"\n<figure class=\"wp-block-image\"><img fetchpriority=\"high\" decoding=\"async\" width=\"966\" height=\"725\" src=\"http:\/\/4cantosalagoas.com.br\/portal\/wp-content\/uploads\/2020\/07\/abcc.jpeg\" alt=\"\" class=\"wp-image-11948\" srcset=\"https:\/\/4cantosalagoas.com.br\/portal\/wp-content\/uploads\/2020\/07\/abcc.jpeg 966w, https:\/\/4cantosalagoas.com.br\/portal\/wp-content\/uploads\/2020\/07\/abcc-300x225.jpeg 300w, https:\/\/4cantosalagoas.com.br\/portal\/wp-content\/uploads\/2020\/07\/abcc-768x576.jpeg 768w\" sizes=\"(max-width: 966px) 100vw, 966px\" \/><figcaption> <br>Prefeitura autoriza estacionamento de ve\u00edculos de turismo na orla. Foto: Ascom SMTT <\/figcaption><\/figure>\n\n\n\n<p>A Prefeitura de Macei\u00f3, por meio da Superintend\u00eancia Municipal de Transportes e Tr\u00e2nsito (SMTT), publicou, nesta ter\u00e7a-feira (21), a Portaria n\u00ba 097, que autoriza o estacionamento de vans, micro-\u00f4nibus e \u00f4nibus de turismo em vagas determinadas e regulamentadas pela sinaliza\u00e7\u00e3o em alguns bols\u00f5es de estacionamento localizados ao longo da orla mar\u00edtima da capital. A medida \u00e9 v\u00e1lida a partir do dia 1\u00aa de agosto.<\/p>\n\n\n\n<p>Com a nova determina\u00e7\u00e3o estabelecida pelo Munic\u00edpio, as vans, micro-\u00f4nibus e \u00f4nibus de turismo dever\u00e3o estacionar de forma intercalada nos bols\u00f5es de estacionamento que ficam ao lado da Pra\u00e7a Multieventos e da Feirinha do Artesanato da Paju\u00e7ara. Os espa\u00e7os ser\u00e3o demarcados pelas equipes da SMTT por barreiras f\u00edsicas e placas de sinaliza\u00e7\u00e3o vertical para melhor orientar os condutores.<\/p>\n\n\n\n<p>\u201c\u00c9 necess\u00e1rio destacar que, apesar da libera\u00e7\u00e3o do estacionamento dos ve\u00edculos de turismo nesses bols\u00f5es, n\u00e3o ser\u00e1 permitido esses transportes estacionem nos demais bols\u00f5es ao longo da orla mar\u00edtima da cidade. Essa medida faz parte das a\u00e7\u00f5es adotadas pela Prefeitura no combate \u00e0 prolifera\u00e7\u00e3o do novo coronav\u00edrus na capital. As equipes da SMTT v\u00e3o trabalhar para garantir que os bols\u00f5es de estacionamento estejam adequados a essa nova fase para oferecer a seguran\u00e7a e o distanciamento necess\u00e1rios aos turistas e aos condutores que prestam esse tipo de servi\u00e7o em Macei\u00f3\u201d, explicou o titular da SMTT, Antonio Moura.<\/p>\n\n\n\n<p>Os bols\u00f5es espalhados ao longo da orla mar\u00edtima de Macei\u00f3 seguem fechados para o estacionamento de ve\u00edculos at\u00e9 o dia 31 de julho de 2020, prazo este que ser\u00e1 utilizado para a implanta\u00e7\u00e3o dos equipamentos de distanciamento necess\u00e1rios.<\/p>\n\n\n\n<p>Ascom SMTT<\/p>\n","protected":false},"excerpt":{"rendered":"<p>A Prefeitura de Macei\u00f3, por meio da Superintend\u00eancia Municipal de Transportes e Tr\u00e2nsito (SMTT), publicou, nesta ter\u00e7a-feira<\/p>\n","protected":false},"author":1,"featured_media":11948,"comment_status":"open","ping_status":"open","sticky":false,"template":"","format":"standard","meta":{"footnotes":""},"categories":[60],"tags":[],"class_list":["post-11947","post","type-post","status-publish","format-standard","has-post-thumbnail","hentry","category-capa"],"_links":{"self":[{"href":"https:\/\/4cantosalagoas.com.br\/portal\/wp-json\/wp\/v2\/posts\/11947","targetHints":{"allow":["GET"]}}],"collection":[{"href":"https:\/\/4cantosalagoas.com.br\/portal\/wp-json\/wp\/v2\/posts"}],"about":[{"href":"https:\/\/4cantosalagoas.com.br\/portal\/wp-json\/wp\/v2\/types\/post"}],"author":[{"embeddable":true,"href":"https:\/\/4cantosalagoas.com.br\/portal\/wp-json\/wp\/v2\/users\/1"}],"replies":[{"embeddable":true,"href":"https:\/\/4cantosalagoas.com.br\/portal\/wp-json\/wp\/v2\/comments?post=11947"}],"version-history":[{"count":1,"href":"https:\/\/4cantosalagoas.com.br\/portal\/wp-json\/wp\/v2\/posts\/11947\/revisions"}],"predecessor-version":[{"id":11949,"href":"https:\/\/4cantosalagoas.com.br\/portal\/wp-json\/wp\/v2\/posts\/11947\/revisions\/11949"}],"wp:featuredmedia":[{"embeddable":true,"href":"https:\/\/4cantosalagoas.com.br\/portal\/wp-json\/wp\/v2\/media\/11948"}],"wp:attachment":[{"href":"https:\/\/4cantosalagoas.com.br\/portal\/wp-json\/wp\/v2\/media?parent=11947"}],"wp:term":[{"taxonomy":"category","embeddable":true,"href":"https:\/\/4cantosalagoas.com.br\/portal\/wp-json\/wp\/v2\/categories?post=11947"},{"taxonomy":"post_tag","embeddable":true,"href":"https:\/\/4cantosalagoas.com.br\/portal\/wp-json\/wp\/v2\/tags?post=11947"}],"curies":[{"name":"wp","href":"https:\/\/api.w.org\/{rel}","templated":true}]}}