{"id":11899,"date":"2020-07-18T19:15:10","date_gmt":"2020-07-18T22:15:10","guid":{"rendered":"http:\/\/4cantosalagoas.com.br\/portal\/?p=11899"},"modified":"2020-07-18T19:15:15","modified_gmt":"2020-07-18T22:15:15","slug":"fase-amarela-prefeitura-orienta-comerciantes-e-permissionarios-da-orla","status":"publish","type":"post","link":"https:\/\/4cantosalagoas.com.br\/portal\/fase-amarela-prefeitura-orienta-comerciantes-e-permissionarios-da-orla\/","title":{"rendered":"Fase amarela: Prefeitura orienta comerciantes e permission\u00e1rios da orla"},"content":{"rendered":"\n<figure class=\"wp-block-image\"><img fetchpriority=\"high\" decoding=\"async\" width=\"1040\" height=\"780\" src=\"https:\/\/i0.wp.com\/4cantosalagoas.com.br\/portal\/wp-content\/uploads\/2020\/07\/pem.jpg?fit=1024%2C768\" alt=\"\" class=\"wp-image-11900\" srcset=\"https:\/\/4cantosalagoas.com.br\/portal\/wp-content\/uploads\/2020\/07\/pem.jpg 1040w, https:\/\/4cantosalagoas.com.br\/portal\/wp-content\/uploads\/2020\/07\/pem-300x225.jpg 300w, https:\/\/4cantosalagoas.com.br\/portal\/wp-content\/uploads\/2020\/07\/pem-768x576.jpg 768w, https:\/\/4cantosalagoas.com.br\/portal\/wp-content\/uploads\/2020\/07\/pem-1024x768.jpg 1024w\" sizes=\"(max-width: 1040px) 100vw, 1040px\" \/><figcaption> <br>T\u00e9cnicos e representes dos permission\u00e1rios, artes\u00e3os e ambulantes reuniram-se na Semscs. Foto: Ascom Semscs <\/figcaption><\/figure>\n\n\n\n<p> Na pr\u00f3xima segunda-feira (20), a cidade de Macei\u00f3 entra na Fase amarela do Plano Estadual de Distanciamento Social Controlado, quando o risco \u00e9 moderado. O Decreto Municipal n\u00ba 8.918 foi publicado em\u00a0<a rel=\"noreferrer noopener\" href=\"http:\/\/www.maceio.al.gov.br\/wp-content\/uploads\/2020\/07\/pdf\/2020\/07\/Di%C3%A1rio-Oficial-Edi%C3%A7%C3%A3o-Extraordin%C3%A1ria-16.07.2020.pdf\" target=\"_blank\">edi\u00e7\u00e3o suplementar do Di\u00e1rio Oficial do Munic\u00edpio<\/a>\u00a0da quinta-feira (16) e amplia a retomada de atividades que estavam proibidas para impedir a prolifera\u00e7\u00e3o do novo coronav\u00edrus. <\/p>\n\n\n\n<p>Na orla mar\u00edtima, estar\u00e3o autorizadas atividades comerciais como bares, restaurantes, barracas, quiosques, mixes, food trucks, feiras e mercados de artesanato, assim como o com\u00e9rcio ambulante, permission\u00e1rios e prestadores de servi\u00e7o. Por isso, a Secretaria de Seguran\u00e7a Comunit\u00e1ria e Conv\u00edvio Social (Semscs) reuniu, nessa sexta-feira (17), representantes destes segmentos para orienta\u00e7\u00f5es sobre o protocolo sanit\u00e1rio estabelecido para esta fase.<\/p>\n\n\n\n<p>Jos\u00e9 Correia Lima da Silva, presidente da Associa\u00e7\u00e3o da Feirinha de Artesanato da Paju\u00e7ara, acredita que esse momento de reabertura \u00e9 uma oportunidade de recome\u00e7ar. \u201cA gente sai daqui satisfeito com a parceria da Secretaria. L\u00f3gico que a gente vai precisar da colabora\u00e7\u00e3o das pessoas para avan\u00e7ar cada vez mais e vencer esse v\u00edrus, essa pandemia que est\u00e1 no mundo todo. Vamos adotar um cliente por cada box, uso de m\u00e1scaras para os permission\u00e1rios e para nossos clientes, e tamb\u00e9m verificar a temperatura de todos. Vamos fechar as v\u00e1rias entradas e deixar uma entrada e uma sa\u00edda separadas e quem n\u00e3o tiver de acordo com as normas, n\u00e3o vai poder entrar na feira e nem comprar os nossos produtos\u201d, afirma.<\/p>\n\n\n\n<p>Moab Mendon\u00e7a Costa representou os artes\u00e3os e avaliou a reuni\u00e3o como positiva. \u201c\u00c9 muito bom, pois, aos poucos vamos conseguindo ver uma luz e a nossa retomada de trabalho, porque em meio a essa pandemia n\u00f3s n\u00e3o sab\u00edamos como ia ficar, mas a Prefeitura est\u00e1 orientando. Agora, vamos seguir os protocolos, delimitar o espa\u00e7o e manter a dist\u00e2ncia para manter a nossa sa\u00fade e a sa\u00fade de nossos clientes\u201d, diz.<\/p>\n\n\n\n<p>O presidente da Associa\u00e7\u00e3o dos Prestadores de Servi\u00e7os da Orla Mar\u00edtima de Macei\u00f3 (ASPSOM), Valter Virg\u00edlio da Silva,&nbsp; tamb\u00e9m avaliou a reuni\u00e3o. \u201cFoi boa e teve esclarecimentos e a gente agora sabe de que forma retornar \u00e0s nossas atividades. Inclusive os prestadores de servi\u00e7os v\u00e3o higienizar e fazer a manuten\u00e7\u00e3o dos carrinhos, que ficaram parados esse tempo todo. A gente vai fazer o que for preciso para que, na segunda-feira, possa receber os nossos clientes de bra\u00e7os abertos\u201d, garante.<\/p>\n\n\n\n<p>O titular da Semscs, Enio Bolivar, explicou que foi firmado o compromisso dos ambulantes e permission\u00e1rios para higieniza\u00e7\u00e3o dos pr\u00f3prios materiais. \u201cEles se comprometeram a colaborar mantendo o distanciamento e como propagadores das boas pr\u00e1ticas de higiene, fazendo com que o decreto seja obedecido. Hoje, foi realizado um trabalho educativo com a apresenta\u00e7\u00e3o do protocolo e o esclarecimento das d\u00favidas. Na segunda-feira, nossas equipes v\u00e3o estar na orla para tirar d\u00favidas que possam surgir no local e dar instru\u00e7\u00e3o sobre a montagem dos equipamentos, vai ser um ensaio, uma vez que a montagem ser\u00e1 di\u00e1ria e feita por eles mesmos, ent\u00e3o precisar\u00e3o se adaptar a essa nova rotina\u201d, destaca. &nbsp;<\/p>\n\n\n\n<p>Bolivar acrescenta que o decreto estabelece que haver\u00e1 uma faixa livre para os banhistas e onde n\u00e3o pode haver mobili\u00e1rio de praia dos ambulantes. \u201cVamos ter uma fiscaliza\u00e7\u00e3o mais intensa e voltada, principalmente, para essa nova adapta\u00e7\u00e3o do ordenamento. \u00c9 important\u00edssimo que a popula\u00e7\u00e3o tenha a consci\u00eancia de utilizar a m\u00e1scara na orla tamb\u00e9m, incluindo nas caminhadas e corridas. A Secretaria de Turismo tamb\u00e9m est\u00e1 nesta a\u00e7\u00e3o. Os \u00f3rg\u00e3os estaduais e municipais est\u00e3o empenhados para o cumprimento dos decretos e tamb\u00e9m temos a colabora\u00e7\u00e3o da Abrasel e da ABIH. Estamos trabalhando para que a popula\u00e7\u00e3o possa voltar a desfrutar dessas belezas naturais e o setor tur\u00edstico sinta-se seguro para sua retomada\u201d, conclui.<\/p>\n\n\n\n<p>Ascom Semscs<\/p>\n","protected":false},"excerpt":{"rendered":"<p>Na pr\u00f3xima segunda-feira (20), a cidade de Macei\u00f3 entra na Fase amarela do Plano Estadual de Distanciamento<\/p>\n","protected":false},"author":1,"featured_media":11900,"comment_status":"open","ping_status":"open","sticky":false,"template":"","format":"standard","meta":{"footnotes":""},"categories":[5],"tags":[],"class_list":["post-11899","post","type-post","status-publish","format-standard","has-post-thumbnail","hentry","category-maceio"],"_links":{"self":[{"href":"https:\/\/4cantosalagoas.com.br\/portal\/wp-json\/wp\/v2\/posts\/11899","targetHints":{"allow":["GET"]}}],"collection":[{"href":"https:\/\/4cantosalagoas.com.br\/portal\/wp-json\/wp\/v2\/posts"}],"about":[{"href":"https:\/\/4cantosalagoas.com.br\/portal\/wp-json\/wp\/v2\/types\/post"}],"author":[{"embeddable":true,"href":"https:\/\/4cantosalagoas.com.br\/portal\/wp-json\/wp\/v2\/users\/1"}],"replies":[{"embeddable":true,"href":"https:\/\/4cantosalagoas.com.br\/portal\/wp-json\/wp\/v2\/comments?post=11899"}],"version-history":[{"count":1,"href":"https:\/\/4cantosalagoas.com.br\/portal\/wp-json\/wp\/v2\/posts\/11899\/revisions"}],"predecessor-version":[{"id":11901,"href":"https:\/\/4cantosalagoas.com.br\/portal\/wp-json\/wp\/v2\/posts\/11899\/revisions\/11901"}],"wp:featuredmedia":[{"embeddable":true,"href":"https:\/\/4cantosalagoas.com.br\/portal\/wp-json\/wp\/v2\/media\/11900"}],"wp:attachment":[{"href":"https:\/\/4cantosalagoas.com.br\/portal\/wp-json\/wp\/v2\/media?parent=11899"}],"wp:term":[{"taxonomy":"category","embeddable":true,"href":"https:\/\/4cantosalagoas.com.br\/portal\/wp-json\/wp\/v2\/categories?post=11899"},{"taxonomy":"post_tag","embeddable":true,"href":"https:\/\/4cantosalagoas.com.br\/portal\/wp-json\/wp\/v2\/tags?post=11899"}],"curies":[{"name":"wp","href":"https:\/\/api.w.org\/{rel}","templated":true}]}}