{"id":11892,"date":"2020-07-17T18:36:46","date_gmt":"2020-07-17T21:36:46","guid":{"rendered":"http:\/\/4cantosalagoas.com.br\/portal\/?p=11892"},"modified":"2020-07-20T06:30:00","modified_gmt":"2020-07-20T09:30:00","slug":"preso-homem-acusado-de-estuprar-a-propria-filha-de-oito-anos","status":"publish","type":"post","link":"https:\/\/4cantosalagoas.com.br\/portal\/preso-homem-acusado-de-estuprar-a-propria-filha-de-oito-anos\/","title":{"rendered":"Preso homem acusado de estuprar a pr\u00f3pria filha de oito anos"},"content":{"rendered":"\n<figure class=\"wp-block-image\"><img fetchpriority=\"high\" decoding=\"async\" width=\"955\" height=\"716\" src=\"http:\/\/4cantosalagoas.com.br\/portal\/wp-content\/uploads\/2019\/02\/imagem-de-pol\u00edcia-civil.jpg\" alt=\"\" class=\"wp-image-6713\" srcset=\"https:\/\/4cantosalagoas.com.br\/portal\/wp-content\/uploads\/2019\/02\/imagem-de-pol\u00edcia-civil.jpg 955w, https:\/\/4cantosalagoas.com.br\/portal\/wp-content\/uploads\/2019\/02\/imagem-de-pol\u00edcia-civil-300x225.jpg 300w, https:\/\/4cantosalagoas.com.br\/portal\/wp-content\/uploads\/2019\/02\/imagem-de-pol\u00edcia-civil-768x576.jpg 768w, https:\/\/4cantosalagoas.com.br\/portal\/wp-content\/uploads\/2019\/02\/imagem-de-pol\u00edcia-civil-375x281.jpg 375w, https:\/\/4cantosalagoas.com.br\/portal\/wp-content\/uploads\/2019\/02\/imagem-de-pol\u00edcia-civil-465x349.jpg 465w, https:\/\/4cantosalagoas.com.br\/portal\/wp-content\/uploads\/2019\/02\/imagem-de-pol\u00edcia-civil-667x500.jpg 667w\" sizes=\"(max-width: 955px) 100vw, 955px\" \/><figcaption>Assessoria<\/figcaption><\/figure>\n\n\n\n<p>Agentes da Delegacia Especializada dos Crimes Contra a Crian\u00e7a e o Adolescentes, coordenados pela delegada Adriana Gusm\u00e3o, prenderam nesta sexta-feira (17) um homem, de 48 anos, acusado de estuprar a pr\u00f3pria filha.<\/p>\n\n\n\n<p>A menina, de acordo com as investiga\u00e7\u00f5es, tinha apenas oito anos de idade, quando sofreu as viol\u00eancias sexuais.<\/p>\n\n\n\n<p>A pris\u00e3o do suspeito aconteceu no bairro da Ponta da Terra, em Macei\u00f3.<\/p>\n\n\n\n<p>A delegada informou que ele deve responder com crime de estupro de vulner\u00e1vel.<\/p>\n\n\n\n<p>Ap\u00f3s a pris\u00e3o e os procedimentos legais, o acusado deve ser transferido para o sistema prisional do Estado.<\/p>\n\n\n\n<p>Assessoria<\/p>\n","protected":false},"excerpt":{"rendered":"<p>Agentes da Delegacia Especializada dos Crimes Contra a Crian\u00e7a e o Adolescentes, coordenados pela delegada Adriana Gusm\u00e3o,<\/p>\n","protected":false},"author":1,"featured_media":6713,"comment_status":"open","ping_status":"open","sticky":false,"template":"","format":"standard","meta":{"footnotes":""},"categories":[11],"tags":[],"class_list":["post-11892","post","type-post","status-publish","format-standard","has-post-thumbnail","hentry","category-policia"],"_links":{"self":[{"href":"https:\/\/4cantosalagoas.com.br\/portal\/wp-json\/wp\/v2\/posts\/11892","targetHints":{"allow":["GET"]}}],"collection":[{"href":"https:\/\/4cantosalagoas.com.br\/portal\/wp-json\/wp\/v2\/posts"}],"about":[{"href":"https:\/\/4cantosalagoas.com.br\/portal\/wp-json\/wp\/v2\/types\/post"}],"author":[{"embeddable":true,"href":"https:\/\/4cantosalagoas.com.br\/portal\/wp-json\/wp\/v2\/users\/1"}],"replies":[{"embeddable":true,"href":"https:\/\/4cantosalagoas.com.br\/portal\/wp-json\/wp\/v2\/comments?post=11892"}],"version-history":[{"count":1,"href":"https:\/\/4cantosalagoas.com.br\/portal\/wp-json\/wp\/v2\/posts\/11892\/revisions"}],"predecessor-version":[{"id":11893,"href":"https:\/\/4cantosalagoas.com.br\/portal\/wp-json\/wp\/v2\/posts\/11892\/revisions\/11893"}],"wp:featuredmedia":[{"embeddable":true,"href":"https:\/\/4cantosalagoas.com.br\/portal\/wp-json\/wp\/v2\/media\/6713"}],"wp:attachment":[{"href":"https:\/\/4cantosalagoas.com.br\/portal\/wp-json\/wp\/v2\/media?parent=11892"}],"wp:term":[{"taxonomy":"category","embeddable":true,"href":"https:\/\/4cantosalagoas.com.br\/portal\/wp-json\/wp\/v2\/categories?post=11892"},{"taxonomy":"post_tag","embeddable":true,"href":"https:\/\/4cantosalagoas.com.br\/portal\/wp-json\/wp\/v2\/tags?post=11892"}],"curies":[{"name":"wp","href":"https:\/\/api.w.org\/{rel}","templated":true}]}}