{"id":11871,"date":"2020-07-16T18:09:45","date_gmt":"2020-07-16T21:09:45","guid":{"rendered":"http:\/\/4cantosalagoas.com.br\/portal\/?p=11871"},"modified":"2020-07-16T18:09:51","modified_gmt":"2020-07-16T21:09:51","slug":"iml-da-capital-implanta-novo-horario-de-atendimento-ao-publico","status":"publish","type":"post","link":"https:\/\/4cantosalagoas.com.br\/portal\/iml-da-capital-implanta-novo-horario-de-atendimento-ao-publico\/","title":{"rendered":"IML da Capital implanta novo hor\u00e1rio de atendimento ao p\u00fablico"},"content":{"rendered":"\n<figure class=\"wp-block-image\"><img fetchpriority=\"high\" decoding=\"async\" width=\"1059\" height=\"796\" src=\"https:\/\/i2.wp.com\/4cantosalagoas.com.br\/portal\/wp-content\/uploads\/2020\/07\/pro.jpg?fit=1024%2C770\" alt=\"\" class=\"wp-image-11872\" srcset=\"https:\/\/4cantosalagoas.com.br\/portal\/wp-content\/uploads\/2020\/07\/pro.jpg 1059w, https:\/\/4cantosalagoas.com.br\/portal\/wp-content\/uploads\/2020\/07\/pro-300x225.jpg 300w, https:\/\/4cantosalagoas.com.br\/portal\/wp-content\/uploads\/2020\/07\/pro-768x577.jpg 768w, https:\/\/4cantosalagoas.com.br\/portal\/wp-content\/uploads\/2020\/07\/pro-1024x770.jpg 1024w\" sizes=\"(max-width: 1059px) 100vw, 1059px\" \/><figcaption>Assessoria<\/figcaption><\/figure>\n\n\n\n<p>A chefia especial do Instituto de Medicina Legal Est\u00e1cio de Lima, decidiu implantar um novo de atendimento de dois importantes setores do \u00f3rg\u00e3o. A partir deste m\u00eas, a se\u00e7\u00e3o de protocolo e o arquivo de laudos passaram a funcionar em hor\u00e1rio especial, iniciando \u00e0s 07 horas e encerrando \u00e0s 18.<\/p>\n\n\n\n<p>A decis\u00e3o foi tomada pela dire\u00e7\u00e3o do \u00f3rg\u00e3o para ampliar o atendimento de demandas externas das delegacias da Pol\u00edcia Civil e do Poder Judici\u00e1rio. Como tamb\u00e9m, permitir aos pr\u00f3prios peritos da Per\u00edcia Oficial o acesso as fichas e laudos nos arquivos do IML da Capital para realizar algum tipo de pesquisa na \u00e1rea forense.<\/p>\n\n\n\n<p>O chefe do IML de Macei\u00f3, perito m\u00e9dico legista Fernando Marcelo de Paula explicou que o protocolo \u00e9 o principal departamento de liga\u00e7\u00e3o do \u00f3rg\u00e3o com setores externos. Ele \u00e9 respons\u00e1vel pelo fluxo de documentos oficiais, como cita\u00e7\u00f5es do Poder Judici\u00e1rio, e do Minist\u00e9rio P\u00fablico, e requisi\u00e7\u00f5es de delegacias da capital e de outros 49 munic\u00edpios que comp\u00f5em a \u00e1rea de cobertura do IML no Estado.<\/p>\n\n\n\n<p>J\u00e1 no arquivo ficam guardadas c\u00f3pias de todos os laudos de exames cadav\u00e9ricos e de les\u00e3o corporal de v\u00edtimas oriundas desses 50 munic\u00edpios e que foram realizados pelos m\u00e9dicos lotados no IML Est\u00e1cio de Lima.&nbsp;&nbsp;Esses laudos periciais s\u00e3o pe\u00e7as fundamentais na elabora\u00e7\u00e3o de inqu\u00e9ritos de investiga\u00e7\u00e3o criminal.<\/p>\n\n\n\n<p>\u201cObservamos a necessidade de amplia\u00e7\u00e3o e otimizamos a escala de colaboradores para melhor atender as demandas relacionadas a esses setores. O nosso objetivo \u00e9 garantir um servi\u00e7o de qualidade que contribua cada vez mais com o combate \u00e0 criminalidade\u201d, afirmou Fernando Marcelo.<\/p>\n\n\n\n<p>At\u00e9 ent\u00e3o, esses setores do IML funcionam meio expediente, iniciando \u00e0s 07 e encerrando o atendimento \u00e0s 13 horas. O pr\u00f3ximo passo ser\u00e1 alterar o hor\u00e1rio de funcionamento do setor respons\u00e1vel pela digita\u00e7\u00e3o de laudos. Com isso, o IML conseguir\u00e1 diminuir o tempo de resposta \u00e0s requisi\u00e7\u00f5es referentes ao resultado dos laudos de exames feitos em vivos e mortos.<\/p>\n\n\n\n<p>Assessoria<\/p>\n","protected":false},"excerpt":{"rendered":"<p>A chefia especial do Instituto de Medicina Legal Est\u00e1cio de Lima, decidiu implantar um novo de atendimento<\/p>\n","protected":false},"author":1,"featured_media":11872,"comment_status":"open","ping_status":"open","sticky":false,"template":"","format":"standard","meta":{"footnotes":""},"categories":[60],"tags":[],"class_list":["post-11871","post","type-post","status-publish","format-standard","has-post-thumbnail","hentry","category-capa"],"_links":{"self":[{"href":"https:\/\/4cantosalagoas.com.br\/portal\/wp-json\/wp\/v2\/posts\/11871","targetHints":{"allow":["GET"]}}],"collection":[{"href":"https:\/\/4cantosalagoas.com.br\/portal\/wp-json\/wp\/v2\/posts"}],"about":[{"href":"https:\/\/4cantosalagoas.com.br\/portal\/wp-json\/wp\/v2\/types\/post"}],"author":[{"embeddable":true,"href":"https:\/\/4cantosalagoas.com.br\/portal\/wp-json\/wp\/v2\/users\/1"}],"replies":[{"embeddable":true,"href":"https:\/\/4cantosalagoas.com.br\/portal\/wp-json\/wp\/v2\/comments?post=11871"}],"version-history":[{"count":1,"href":"https:\/\/4cantosalagoas.com.br\/portal\/wp-json\/wp\/v2\/posts\/11871\/revisions"}],"predecessor-version":[{"id":11873,"href":"https:\/\/4cantosalagoas.com.br\/portal\/wp-json\/wp\/v2\/posts\/11871\/revisions\/11873"}],"wp:featuredmedia":[{"embeddable":true,"href":"https:\/\/4cantosalagoas.com.br\/portal\/wp-json\/wp\/v2\/media\/11872"}],"wp:attachment":[{"href":"https:\/\/4cantosalagoas.com.br\/portal\/wp-json\/wp\/v2\/media?parent=11871"}],"wp:term":[{"taxonomy":"category","embeddable":true,"href":"https:\/\/4cantosalagoas.com.br\/portal\/wp-json\/wp\/v2\/categories?post=11871"},{"taxonomy":"post_tag","embeddable":true,"href":"https:\/\/4cantosalagoas.com.br\/portal\/wp-json\/wp\/v2\/tags?post=11871"}],"curies":[{"name":"wp","href":"https:\/\/api.w.org\/{rel}","templated":true}]}}