{"id":11829,"date":"2020-07-13T06:18:50","date_gmt":"2020-07-13T09:18:50","guid":{"rendered":"http:\/\/4cantosalagoas.com.br\/portal\/?p=11829"},"modified":"2020-07-13T06:18:54","modified_gmt":"2020-07-13T09:18:54","slug":"lei-que-proibia-adesivo-em-vidro-de-onibus-em-maceio-e-inconstitucional-decide-tj","status":"publish","type":"post","link":"https:\/\/4cantosalagoas.com.br\/portal\/lei-que-proibia-adesivo-em-vidro-de-onibus-em-maceio-e-inconstitucional-decide-tj\/","title":{"rendered":"Lei que proibia adesivo em vidro de \u00f4nibus em Macei\u00f3 \u00e9 inconstitucional, decide TJ"},"content":{"rendered":"\n<figure class=\"wp-block-image\"><img fetchpriority=\"high\" decoding=\"async\" width=\"1772\" height=\"1181\" src=\"https:\/\/i1.wp.com\/4cantosalagoas.com.br\/portal\/wp-content\/uploads\/2020\/07\/abj.jpg?fit=1024%2C682\" alt=\"\" class=\"wp-image-11830\" srcset=\"https:\/\/4cantosalagoas.com.br\/portal\/wp-content\/uploads\/2020\/07\/abj.jpg 1772w, https:\/\/4cantosalagoas.com.br\/portal\/wp-content\/uploads\/2020\/07\/abj-300x200.jpg 300w, https:\/\/4cantosalagoas.com.br\/portal\/wp-content\/uploads\/2020\/07\/abj-768x512.jpg 768w, https:\/\/4cantosalagoas.com.br\/portal\/wp-content\/uploads\/2020\/07\/abj-1024x682.jpg 1024w\" sizes=\"(max-width: 1772px) 100vw, 1772px\" \/><figcaption> <br>Desembargador Alcides Gusm\u00e3o da Silva. Foto: Caio Loureiro. <\/figcaption><\/figure>\n\n\n\n<p>O Pleno do Tribunal de Justi\u00e7a de Alagoas declarou inconstitucional a Lei Municipal n\u00ba 6.356\/2014 de Macei\u00f3, que proibia pintura, adesivo e propagandas que obstru\u00edssem a vis\u00e3o ou a transpar\u00eancia do vidro traseiro dos \u00f4nibus do transporte p\u00fablico coletivo da cidade.<\/p>\n\n\n\n<p>A decis\u00e3o foi proferida nesta ter\u00e7a-feira (7), por unanimidade, sob a relatoria do desembargador Alcides Gusm\u00e3o da Silva. Segundo o ac\u00f3rd\u00e3o, a lei foi aprovada de forma inconstitucional porque a iniciativa do projeto foi da C\u00e2mara Municipal de Vereadores, mas s\u00f3 poderia ter sido do prefeito.<\/p>\n\n\n\n<p>&#8220;Compreendo que a norma impugnada contraria o artigo 86 \u00a71\u00ba inciso II al\u00ednea &#8220;b&#8221; da Constitui\u00e7\u00e3o do Estado de Alagoas, revelando-se, assim, formalmente inconstitucional, por v\u00edcio de iniciativa, afrontando o princ\u00edpio da harmonia e independ\u00eancia dos poderes, sendo medida de rigor sua exclus\u00e3o do ordenamento jur\u00eddico&#8221;, disse o desembargador Alcides Gusm\u00e3o em seu voto.<\/p>\n\n\n\n<p>A decis\u00e3o ressalta que a gest\u00e3o do servi\u00e7o de transporte p\u00fablico \u00e9 de compet\u00eancia exclusiva do Poder Executivo, e o projeto de lei chegou a ser vetado pelo prefeito na \u00e9poca, mas, mesmo assim, foi promulgado pela C\u00e2mara.<\/p>\n\n\n\n<p>A A\u00e7\u00e3o Direta de Inconstitucionalidade foi ajuizada pela Federa\u00e7\u00e3o das Empresas de Transportes De Passageiros dos Estados de Alagoas e Sergipe (Fetralse).<\/p>\n\n\n\n<p><em>Mat\u00e9ria referente ao processo n\u00ba&nbsp;<a href=\"https:\/\/www2.tjal.jus.br\/cposg5\/search.do?cbPesquisa=NUMPROC&amp;tipoNuProcesso=UNIFICADO&amp;foroNumeroUnificado=0000&amp;numeroDigitoAnoUnificado=0804614-57.2018&amp;dePesquisaNuUnificado=08046145720188020000#?cdDocumento=74\" target=\"_blank\" rel=\"noreferrer noopener\">0804614-57.2018.8.02.0000<\/a><\/em><\/p>\n\n\n\n<p><strong>Diretoria de Comunica\u00e7\u00e3o &#8211; Dicom TJAL&nbsp;&#8211; IN<\/strong><\/p>\n","protected":false},"excerpt":{"rendered":"<p>O Pleno do Tribunal de Justi\u00e7a de Alagoas declarou inconstitucional a Lei Municipal n\u00ba 6.356\/2014 de Macei\u00f3,<\/p>\n","protected":false},"author":1,"featured_media":11830,"comment_status":"open","ping_status":"open","sticky":false,"template":"","format":"standard","meta":{"footnotes":""},"categories":[60],"tags":[],"class_list":["post-11829","post","type-post","status-publish","format-standard","has-post-thumbnail","hentry","category-capa"],"_links":{"self":[{"href":"https:\/\/4cantosalagoas.com.br\/portal\/wp-json\/wp\/v2\/posts\/11829","targetHints":{"allow":["GET"]}}],"collection":[{"href":"https:\/\/4cantosalagoas.com.br\/portal\/wp-json\/wp\/v2\/posts"}],"about":[{"href":"https:\/\/4cantosalagoas.com.br\/portal\/wp-json\/wp\/v2\/types\/post"}],"author":[{"embeddable":true,"href":"https:\/\/4cantosalagoas.com.br\/portal\/wp-json\/wp\/v2\/users\/1"}],"replies":[{"embeddable":true,"href":"https:\/\/4cantosalagoas.com.br\/portal\/wp-json\/wp\/v2\/comments?post=11829"}],"version-history":[{"count":1,"href":"https:\/\/4cantosalagoas.com.br\/portal\/wp-json\/wp\/v2\/posts\/11829\/revisions"}],"predecessor-version":[{"id":11831,"href":"https:\/\/4cantosalagoas.com.br\/portal\/wp-json\/wp\/v2\/posts\/11829\/revisions\/11831"}],"wp:featuredmedia":[{"embeddable":true,"href":"https:\/\/4cantosalagoas.com.br\/portal\/wp-json\/wp\/v2\/media\/11830"}],"wp:attachment":[{"href":"https:\/\/4cantosalagoas.com.br\/portal\/wp-json\/wp\/v2\/media?parent=11829"}],"wp:term":[{"taxonomy":"category","embeddable":true,"href":"https:\/\/4cantosalagoas.com.br\/portal\/wp-json\/wp\/v2\/categories?post=11829"},{"taxonomy":"post_tag","embeddable":true,"href":"https:\/\/4cantosalagoas.com.br\/portal\/wp-json\/wp\/v2\/tags?post=11829"}],"curies":[{"name":"wp","href":"https:\/\/api.w.org\/{rel}","templated":true}]}}