{"id":11812,"date":"2020-07-10T06:43:37","date_gmt":"2020-07-10T09:43:37","guid":{"rendered":"http:\/\/4cantosalagoas.com.br\/portal\/?p=11812"},"modified":"2020-07-10T06:43:41","modified_gmt":"2020-07-10T09:43:41","slug":"protocolo-experimente-maceio-e-discutido-com-entidades-nacionais","status":"publish","type":"post","link":"https:\/\/4cantosalagoas.com.br\/portal\/protocolo-experimente-maceio-e-discutido-com-entidades-nacionais\/","title":{"rendered":"Protocolo Experimente Macei\u00f3 \u00e9 discutido com entidades nacionais"},"content":{"rendered":"\n<figure class=\"wp-block-image\"><img fetchpriority=\"high\" decoding=\"async\" width=\"808\" height=\"514\" src=\"http:\/\/4cantosalagoas.com.br\/portal\/wp-content\/uploads\/2020\/07\/abhu.jpg\" alt=\"\" class=\"wp-image-11813\" srcset=\"https:\/\/4cantosalagoas.com.br\/portal\/wp-content\/uploads\/2020\/07\/abhu.jpg 808w, https:\/\/4cantosalagoas.com.br\/portal\/wp-content\/uploads\/2020\/07\/abhu-300x191.jpg 300w, https:\/\/4cantosalagoas.com.br\/portal\/wp-content\/uploads\/2020\/07\/abhu-768x489.jpg 768w\" sizes=\"(max-width: 808px) 100vw, 808px\" \/><figcaption> <br>Secret\u00e1rio Jair Galv\u00e3o fala sobre medidas e protocolos programados para Macei\u00f3. <\/figcaption><\/figure>\n\n\n\n<p> O titular da Secretaria Municipal de Turismo, Esporte e Lazer (Semtel) e presidente da Associa\u00e7\u00e3o Nacional dos Secret\u00e1rios e Dirigentes Municipais de Turismo (Anseditur), Jair Galv\u00e3o, participou, nessa quarta-feira (08), de um encontro virtual organizado pelo Departamento de Turismo da Universidade Federal de Sergipe (UFS) para discutir protocolos de seguran\u00e7a no turismo e o processo de retomada das atividades. <\/p>\n\n\n\n<p>Com foco nas recomenda\u00e7\u00f5es de organiza\u00e7\u00f5es internacionais, nacionais e locais, al\u00e9m do compartilhamento de informa\u00e7\u00f5es nas inst\u00e2ncias de governan\u00e7a do turismo, o webinar contou com a media\u00e7\u00e3o do professor da UFS, Joab Almeida, e participa\u00e7\u00e3o do presidente do F\u00f3rum Nacional de Secret\u00e1rios e Dirigentes Estaduais de Turismo (Fornatur) e secret\u00e1rio de Estado do Turismo do Mato Grosso do Sul, Bruno Wendling.<\/p>\n\n\n\n<p>O encontro serviu para ampliar o debate acerca do planejamento que vem sendo tra\u00e7ado por diversos destinos do Brasil, da prepara\u00e7\u00e3o para a retomada das atividades e da import\u00e2ncia de avaliar a realidade de cada cidade nesse processo de retorno do turismo.<\/p>\n\n\n\n<p>De acordo com o gestor da Semtel,&nbsp;foi poss\u00edvel debater a import\u00e2ncia de medidas de seguran\u00e7a sanit\u00e1ria e apresentar o Protocolo Experimente Macei\u00f3, que deve nortear a retomada gradual no destino Macei\u00f3 com pr\u00e1ticas preventivas para assegurar o combate aos efeitos do novo coronav\u00edrus.<\/p>\n\n\n\n<p>\u201cJ\u00e1 que a atividade tur\u00edstica precisar\u00e1 se adaptar a essa nova realidade, \u00e9 fundamental considerar essa condi\u00e7\u00e3o essencial do novo comportamento do viajante nesse per\u00edodo, o que ir\u00e1 exigir destinos que ofere\u00e7am a sensa\u00e7\u00e3o de liberdade do p\u00f3s-quarentena. O foco ser\u00e1 em espa\u00e7os e atividades ao ar livre visando o bem-estar e a seguran\u00e7a dos turistas e de suas fam\u00edlias. \u00c9 fundamental que os destinos consigam se preparar, que \u00e9 o que Macei\u00f3 vem fazendo, e \u00e9 com foco nessa prepara\u00e7\u00e3o que a Anseditur vem se comportando nesse momento em rela\u00e7\u00e3o a outros destinos do pa\u00eds associados a entidade\u201d explicou.<\/p>\n\n\n\n<p>A iniciativa do encontro integra o Projeto de Extens\u00e3o Universit\u00e1ria \u201cTurismo para Profissionais\u201d, desenvolvido pelo Departamento de Turismo da UFS com o objetivo de fomentar o encontro entre profissionais dos diversos setores do turismo. O encontro virtual foi acompanhado por diversos profissionais do segmento do estado de Sergipe.<\/p>\n\n\n\n<p>Luiz Rios\/ Ascom Semtel<\/p>\n","protected":false},"excerpt":{"rendered":"<p>O titular da Secretaria Municipal de Turismo, Esporte e Lazer (Semtel) e presidente da Associa\u00e7\u00e3o Nacional dos<\/p>\n","protected":false},"author":1,"featured_media":11813,"comment_status":"open","ping_status":"open","sticky":false,"template":"","format":"standard","meta":{"footnotes":""},"categories":[5],"tags":[],"class_list":["post-11812","post","type-post","status-publish","format-standard","has-post-thumbnail","hentry","category-maceio"],"_links":{"self":[{"href":"https:\/\/4cantosalagoas.com.br\/portal\/wp-json\/wp\/v2\/posts\/11812","targetHints":{"allow":["GET"]}}],"collection":[{"href":"https:\/\/4cantosalagoas.com.br\/portal\/wp-json\/wp\/v2\/posts"}],"about":[{"href":"https:\/\/4cantosalagoas.com.br\/portal\/wp-json\/wp\/v2\/types\/post"}],"author":[{"embeddable":true,"href":"https:\/\/4cantosalagoas.com.br\/portal\/wp-json\/wp\/v2\/users\/1"}],"replies":[{"embeddable":true,"href":"https:\/\/4cantosalagoas.com.br\/portal\/wp-json\/wp\/v2\/comments?post=11812"}],"version-history":[{"count":1,"href":"https:\/\/4cantosalagoas.com.br\/portal\/wp-json\/wp\/v2\/posts\/11812\/revisions"}],"predecessor-version":[{"id":11814,"href":"https:\/\/4cantosalagoas.com.br\/portal\/wp-json\/wp\/v2\/posts\/11812\/revisions\/11814"}],"wp:featuredmedia":[{"embeddable":true,"href":"https:\/\/4cantosalagoas.com.br\/portal\/wp-json\/wp\/v2\/media\/11813"}],"wp:attachment":[{"href":"https:\/\/4cantosalagoas.com.br\/portal\/wp-json\/wp\/v2\/media?parent=11812"}],"wp:term":[{"taxonomy":"category","embeddable":true,"href":"https:\/\/4cantosalagoas.com.br\/portal\/wp-json\/wp\/v2\/categories?post=11812"},{"taxonomy":"post_tag","embeddable":true,"href":"https:\/\/4cantosalagoas.com.br\/portal\/wp-json\/wp\/v2\/tags?post=11812"}],"curies":[{"name":"wp","href":"https:\/\/api.w.org\/{rel}","templated":true}]}}