{"id":11800,"date":"2020-07-09T18:35:46","date_gmt":"2020-07-09T21:35:46","guid":{"rendered":"http:\/\/4cantosalagoas.com.br\/portal\/?p=11800"},"modified":"2020-07-09T18:35:51","modified_gmt":"2020-07-09T21:35:51","slug":"policia-civil-prende-homem-por-homicidio-qualificado-na-capital","status":"publish","type":"post","link":"https:\/\/4cantosalagoas.com.br\/portal\/policia-civil-prende-homem-por-homicidio-qualificado-na-capital\/","title":{"rendered":"Pol\u00edcia Civil prende homem por homic\u00eddio qualificado na Capital"},"content":{"rendered":"\n<figure class=\"wp-block-image\"><img fetchpriority=\"high\" decoding=\"async\" width=\"955\" height=\"716\" src=\"http:\/\/4cantosalagoas.com.br\/portal\/wp-content\/uploads\/2019\/02\/imagem-de-pol\u00edcia-civil.jpg\" alt=\"\" class=\"wp-image-6713\" srcset=\"https:\/\/4cantosalagoas.com.br\/portal\/wp-content\/uploads\/2019\/02\/imagem-de-pol\u00edcia-civil.jpg 955w, https:\/\/4cantosalagoas.com.br\/portal\/wp-content\/uploads\/2019\/02\/imagem-de-pol\u00edcia-civil-300x225.jpg 300w, https:\/\/4cantosalagoas.com.br\/portal\/wp-content\/uploads\/2019\/02\/imagem-de-pol\u00edcia-civil-768x576.jpg 768w, https:\/\/4cantosalagoas.com.br\/portal\/wp-content\/uploads\/2019\/02\/imagem-de-pol\u00edcia-civil-375x281.jpg 375w, https:\/\/4cantosalagoas.com.br\/portal\/wp-content\/uploads\/2019\/02\/imagem-de-pol\u00edcia-civil-465x349.jpg 465w, https:\/\/4cantosalagoas.com.br\/portal\/wp-content\/uploads\/2019\/02\/imagem-de-pol\u00edcia-civil-667x500.jpg 667w\" sizes=\"(max-width: 955px) 100vw, 955px\" \/><figcaption>Assessoria<\/figcaption><\/figure>\n\n\n\n<p>Agentes da Divis\u00e3o de Intelig\u00eancia (DI), da Ger\u00eancia de Pol\u00edcia Judici\u00e1ria da Regi\u00e3o 1 (GPJ 1), coordenada pela delegada Barbara Arraes, prenderam nesta quinta-feira (9) mais um homem acusado de cometer homic\u00eddio qualificado em Macei\u00f3.<\/p>\n\n\n\n<p>O homem de 29 anos foi preso no bairro do Vergel do Lago ap\u00f3s investiga\u00e7\u00e3o dos policiais civis da GPJ 1. Ele matou a tiros Bruno Rafael Andr\u00e9 de Lima Silva, crime ocorrido no dia 12 de janeiro de 2015, no bairro de Ponta Grossa, na Capital alagoana.<\/p>\n\n\n\n<p>Os policiais deram cumprimento a mandado de pris\u00e3o contra o acusado, expedido pelo juiz John Silas da Silva, titular da 8\u00aa Vara Criminal da Capital.<\/p>\n\n\n\n<p>Assessoria<\/p>\n","protected":false},"excerpt":{"rendered":"<p>Agentes da Divis\u00e3o de Intelig\u00eancia (DI), da Ger\u00eancia de Pol\u00edcia Judici\u00e1ria da Regi\u00e3o 1 (GPJ 1), coordenada<\/p>\n","protected":false},"author":1,"featured_media":6713,"comment_status":"open","ping_status":"open","sticky":false,"template":"","format":"standard","meta":{"footnotes":""},"categories":[60],"tags":[],"class_list":["post-11800","post","type-post","status-publish","format-standard","has-post-thumbnail","hentry","category-capa"],"_links":{"self":[{"href":"https:\/\/4cantosalagoas.com.br\/portal\/wp-json\/wp\/v2\/posts\/11800","targetHints":{"allow":["GET"]}}],"collection":[{"href":"https:\/\/4cantosalagoas.com.br\/portal\/wp-json\/wp\/v2\/posts"}],"about":[{"href":"https:\/\/4cantosalagoas.com.br\/portal\/wp-json\/wp\/v2\/types\/post"}],"author":[{"embeddable":true,"href":"https:\/\/4cantosalagoas.com.br\/portal\/wp-json\/wp\/v2\/users\/1"}],"replies":[{"embeddable":true,"href":"https:\/\/4cantosalagoas.com.br\/portal\/wp-json\/wp\/v2\/comments?post=11800"}],"version-history":[{"count":1,"href":"https:\/\/4cantosalagoas.com.br\/portal\/wp-json\/wp\/v2\/posts\/11800\/revisions"}],"predecessor-version":[{"id":11801,"href":"https:\/\/4cantosalagoas.com.br\/portal\/wp-json\/wp\/v2\/posts\/11800\/revisions\/11801"}],"wp:featuredmedia":[{"embeddable":true,"href":"https:\/\/4cantosalagoas.com.br\/portal\/wp-json\/wp\/v2\/media\/6713"}],"wp:attachment":[{"href":"https:\/\/4cantosalagoas.com.br\/portal\/wp-json\/wp\/v2\/media?parent=11800"}],"wp:term":[{"taxonomy":"category","embeddable":true,"href":"https:\/\/4cantosalagoas.com.br\/portal\/wp-json\/wp\/v2\/categories?post=11800"},{"taxonomy":"post_tag","embeddable":true,"href":"https:\/\/4cantosalagoas.com.br\/portal\/wp-json\/wp\/v2\/tags?post=11800"}],"curies":[{"name":"wp","href":"https:\/\/api.w.org\/{rel}","templated":true}]}}