{"id":11788,"date":"2020-07-09T06:22:50","date_gmt":"2020-07-09T09:22:50","guid":{"rendered":"http:\/\/4cantosalagoas.com.br\/portal\/?p=11788"},"modified":"2020-07-09T06:22:54","modified_gmt":"2020-07-09T09:22:54","slug":"operacao-integrada-prende-dois-homens-em-rio-largo-por-trafico-e-posse-ilegal-de-arma-de-fogo","status":"publish","type":"post","link":"https:\/\/4cantosalagoas.com.br\/portal\/operacao-integrada-prende-dois-homens-em-rio-largo-por-trafico-e-posse-ilegal-de-arma-de-fogo\/","title":{"rendered":"Opera\u00e7\u00e3o integrada prende dois homens em Rio Largo por tr\u00e1fico e posse ilegal de arma de fogo"},"content":{"rendered":"\n<figure class=\"wp-block-image\"><img fetchpriority=\"high\" decoding=\"async\" width=\"750\" height=\"500\" src=\"http:\/\/4cantosalagoas.com.br\/portal\/wp-content\/uploads\/2020\/07\/opera\u00e7\u00e3o_deic_e_bprp.thumbnail.jpg\" alt=\"\" class=\"wp-image-11790\" srcset=\"https:\/\/4cantosalagoas.com.br\/portal\/wp-content\/uploads\/2020\/07\/opera\u00e7\u00e3o_deic_e_bprp.thumbnail.jpg 750w, https:\/\/4cantosalagoas.com.br\/portal\/wp-content\/uploads\/2020\/07\/opera\u00e7\u00e3o_deic_e_bprp.thumbnail-300x200.jpg 300w\" sizes=\"(max-width: 750px) 100vw, 750px\" \/><figcaption>Assessoria<\/figcaption><\/figure>\n\n\n\n<p>Policiais civis da Divis\u00e3o Especial de Investiga\u00e7\u00f5es e Capturas&nbsp;(DEIC), do T\u00e1tico Integrtado de Grupos de Resgare Especial (Tigre), e militares do Batalh\u00e3o de R\u00e1dio Patrulha prenderam, na tarde dessa ter\u00e7a-feira (7), dois homens durante uma opera\u00e7\u00e3o deflagrada para dar cumprimento a mandados de pris\u00e3o de pessoas envolvidas em crimes de tr\u00e1fico de drogas na regi\u00e3o de Rio Largo.&nbsp;<\/p>\n\n\n\n<p>Um dos homens, de 21 anos, foi preso no conjunto Antonio Lins, em virtude de mandado de pris\u00e3o expedido pela 3\u00aa Vara Criminal de Rio Largo, e tamb\u00e9m foi autuado em flagrante delito pelo crime de posse ilegal de arma de fogo de uso permitido, pois com ele foi encontrado um rev\u00f3lver calibre 38 com tr\u00eas muni\u00e7\u00f5es intactas do&nbsp;mesmo calibre.&nbsp;<\/p>\n\n\n\n<p>J\u00e1 no conjunto Barnab\u00e9 Oiticica foi preso o outro homem, de 23 anos, tamb\u00e9m pelo crime de posse ilegal de arma de fogo de uso permitido, tendo em vista ter sido encontrada em sua resid\u00eancia uma espingarda calibre 12 com quatro cartuchos do&nbsp;mesmo calibre. Este homem saiu do sistema penitenci\u00e1rio alagoano no m\u00eas de fevereiro deste ano e no momento de sua pris\u00e3o estava utilizando tornozeleira eletr\u00f4nica.&nbsp;<\/p>\n\n\n\n<p>Ainda durante a a\u00e7\u00e3o policial, um outro homem, de 24 anos, reagiu a abordagem policial e efetuou tiros contra a equipe policial que revidou a injusta agress\u00e3o, onde na troca de tiros o suspeito acabou ferido. Foi providenciado o seu socorro mas, ele n\u00e3o resistiu aos ferimentos e acabou falecendo.&nbsp;<\/p>\n\n\n\n<p>Com ele os policiais encontraram um rev\u00f3lver calibre 38 com muni\u00e7\u00f5es intactas e tr\u00eas estojos (muni\u00e7\u00f5es deflagradas).&nbsp;<\/p>\n\n\n\n<p>Os presos e os materiais apreendidos foram encaminhados para a DEIC para a ado\u00e7\u00e3o dos procedimentos legais cab\u00edveis.<\/p>\n\n\n\n<p>Assessorioa<\/p>\n","protected":false},"excerpt":{"rendered":"<p>Policiais civis da Divis\u00e3o Especial de Investiga\u00e7\u00f5es e Capturas&nbsp;(DEIC), do T\u00e1tico Integrtado de Grupos de Resgare Especial<\/p>\n","protected":false},"author":1,"featured_media":11790,"comment_status":"open","ping_status":"open","sticky":false,"template":"","format":"standard","meta":{"footnotes":""},"categories":[60],"tags":[],"class_list":["post-11788","post","type-post","status-publish","format-standard","has-post-thumbnail","hentry","category-capa"],"_links":{"self":[{"href":"https:\/\/4cantosalagoas.com.br\/portal\/wp-json\/wp\/v2\/posts\/11788","targetHints":{"allow":["GET"]}}],"collection":[{"href":"https:\/\/4cantosalagoas.com.br\/portal\/wp-json\/wp\/v2\/posts"}],"about":[{"href":"https:\/\/4cantosalagoas.com.br\/portal\/wp-json\/wp\/v2\/types\/post"}],"author":[{"embeddable":true,"href":"https:\/\/4cantosalagoas.com.br\/portal\/wp-json\/wp\/v2\/users\/1"}],"replies":[{"embeddable":true,"href":"https:\/\/4cantosalagoas.com.br\/portal\/wp-json\/wp\/v2\/comments?post=11788"}],"version-history":[{"count":1,"href":"https:\/\/4cantosalagoas.com.br\/portal\/wp-json\/wp\/v2\/posts\/11788\/revisions"}],"predecessor-version":[{"id":11791,"href":"https:\/\/4cantosalagoas.com.br\/portal\/wp-json\/wp\/v2\/posts\/11788\/revisions\/11791"}],"wp:featuredmedia":[{"embeddable":true,"href":"https:\/\/4cantosalagoas.com.br\/portal\/wp-json\/wp\/v2\/media\/11790"}],"wp:attachment":[{"href":"https:\/\/4cantosalagoas.com.br\/portal\/wp-json\/wp\/v2\/media?parent=11788"}],"wp:term":[{"taxonomy":"category","embeddable":true,"href":"https:\/\/4cantosalagoas.com.br\/portal\/wp-json\/wp\/v2\/categories?post=11788"},{"taxonomy":"post_tag","embeddable":true,"href":"https:\/\/4cantosalagoas.com.br\/portal\/wp-json\/wp\/v2\/tags?post=11788"}],"curies":[{"name":"wp","href":"https:\/\/api.w.org\/{rel}","templated":true}]}}