{"id":11721,"date":"2020-07-01T18:16:06","date_gmt":"2020-07-01T21:16:06","guid":{"rendered":"http:\/\/4cantosalagoas.com.br\/portal\/?p=11721"},"modified":"2020-07-01T18:16:10","modified_gmt":"2020-07-01T21:16:10","slug":"derc-prende-suspeito-de-assaltos-na-parte-alta-de-maceio","status":"publish","type":"post","link":"https:\/\/4cantosalagoas.com.br\/portal\/derc-prende-suspeito-de-assaltos-na-parte-alta-de-maceio\/","title":{"rendered":"DERC prende suspeito de assaltos na parte alta de Macei\u00f3"},"content":{"rendered":"\n<figure class=\"wp-block-image\"><img fetchpriority=\"high\" decoding=\"async\" width=\"750\" height=\"500\" src=\"http:\/\/4cantosalagoas.com.br\/portal\/wp-content\/uploads\/2020\/07\/ppp.jpg\" alt=\"\" class=\"wp-image-11722\" srcset=\"https:\/\/4cantosalagoas.com.br\/portal\/wp-content\/uploads\/2020\/07\/ppp.jpg 750w, https:\/\/4cantosalagoas.com.br\/portal\/wp-content\/uploads\/2020\/07\/ppp-300x200.jpg 300w\" sizes=\"(max-width: 750px) 100vw, 750px\" \/><figcaption>Assessoria<\/figcaption><\/figure>\n\n\n\n<p>Policiais civis da Delegacia de Roubos da Capital (DERC), coordenados pelo delegado Thiago Prado, prenderam, nesta quarta-feira (1), um jovem acusado de realizar assaltos na parte alta de Macei\u00f3, ap\u00f3s den\u00fancia an\u00f4nima chegada na especializada.<\/p>\n\n\n\n<p>\u201cNa ocasi\u00e3o da pris\u00e3o, o comparsa desse sujeito conseguiu se evadir. O infrator, de 23 anos, foi preso em flagrante com uma moto roubada com chassi adulterado, a qual era utilizada pela dupla para cometer assaltos. Inclusive tem passagem pela pol\u00edcia no ano passado por porte ilegal de arma e tr\u00e1fico de drogas\u201d, disse o delegado.<\/p>\n\n\n\n<p>&nbsp;A a\u00e7\u00e3o policial ocorreu no conjunto Frei Dami\u00e3o, no bairro do Benedito Bentes.<\/p>\n\n\n\n<p>O delegado orienta \u00e0s v\u00edtimas que reconhecerem a moto como sendo a mesma utilizada em algum assalto compare\u00e7am \u00e0 Delegacia de Roubos, no Complexo de Delegacias Especializadas (CODE) no bairro de Mangabeiras.<\/p>\n\n\n\n<p>Thiago Prado enfatizou mais uma vez a import\u00e2ncia das pessoas denunciarem a\u00e7\u00e3o de criminosos por meio do disque den\u00fancia 181.<\/p>\n\n\n\n<p>Assessoria<\/p>\n","protected":false},"excerpt":{"rendered":"<p>Policiais civis da Delegacia de Roubos da Capital (DERC), coordenados pelo delegado Thiago Prado, prenderam, nesta quarta-feira<\/p>\n","protected":false},"author":1,"featured_media":11722,"comment_status":"open","ping_status":"open","sticky":false,"template":"","format":"standard","meta":{"footnotes":""},"categories":[11],"tags":[],"class_list":["post-11721","post","type-post","status-publish","format-standard","has-post-thumbnail","hentry","category-policia"],"_links":{"self":[{"href":"https:\/\/4cantosalagoas.com.br\/portal\/wp-json\/wp\/v2\/posts\/11721","targetHints":{"allow":["GET"]}}],"collection":[{"href":"https:\/\/4cantosalagoas.com.br\/portal\/wp-json\/wp\/v2\/posts"}],"about":[{"href":"https:\/\/4cantosalagoas.com.br\/portal\/wp-json\/wp\/v2\/types\/post"}],"author":[{"embeddable":true,"href":"https:\/\/4cantosalagoas.com.br\/portal\/wp-json\/wp\/v2\/users\/1"}],"replies":[{"embeddable":true,"href":"https:\/\/4cantosalagoas.com.br\/portal\/wp-json\/wp\/v2\/comments?post=11721"}],"version-history":[{"count":1,"href":"https:\/\/4cantosalagoas.com.br\/portal\/wp-json\/wp\/v2\/posts\/11721\/revisions"}],"predecessor-version":[{"id":11723,"href":"https:\/\/4cantosalagoas.com.br\/portal\/wp-json\/wp\/v2\/posts\/11721\/revisions\/11723"}],"wp:featuredmedia":[{"embeddable":true,"href":"https:\/\/4cantosalagoas.com.br\/portal\/wp-json\/wp\/v2\/media\/11722"}],"wp:attachment":[{"href":"https:\/\/4cantosalagoas.com.br\/portal\/wp-json\/wp\/v2\/media?parent=11721"}],"wp:term":[{"taxonomy":"category","embeddable":true,"href":"https:\/\/4cantosalagoas.com.br\/portal\/wp-json\/wp\/v2\/categories?post=11721"},{"taxonomy":"post_tag","embeddable":true,"href":"https:\/\/4cantosalagoas.com.br\/portal\/wp-json\/wp\/v2\/tags?post=11721"}],"curies":[{"name":"wp","href":"https:\/\/api.w.org\/{rel}","templated":true}]}}